{"id":9799,"date":"2020-12-08T13:01:34","date_gmt":"2020-12-08T12:01:34","guid":{"rendered":"https:\/\/escalantecentreteatral.dival.es\/ect-val\/pinocchio-llega-a-escena-diversa"},"modified":"2020-12-11T13:10:49","modified_gmt":"2020-12-11T12:10:49","slug":"pinocchio-llega-a-escena-diversa","status":"publish","type":"post","link":"https:\/\/escalantecentreteatral.dival.es\/val\/ect-val\/pinocchio-llega-a-escena-diversa","title":{"rendered":"Pinocchio arriba a Escena Diversa"},"content":{"rendered":"<ol>\n<li>\n<p>La segona proposta d&#8217;<strong>Escena Diversa<\/strong> \u00e9s la mirada actual de l&#8217;obra de <strong>Pinocchio <\/strong>que planteja la companyia <strong>Gorakada<\/strong> i que podr\u00e0 veure&#8217;s el <strong>13 de desembre.<\/strong> El personatge de la literatura italiana i universal que presenta la companyia basca \u00e9s una for\u00e7a de la naturalesa, com tots els xiquets, un Pinocchio de veritat, pragm\u00e0tic i entremaliat. Un xiquet intel\u00b7ligent i que haur\u00e0 de lluitar amb si mateix i amb la societat que li envolta, la mateixa que\u00a0 intentar\u00e0 canviar. Un espectacle per a tota la fam\u00edlia guardonat amb el <strong>Premi FETEN 2020 a la Millor Direcci\u00f3.<\/strong><\/p>\n<p style=\"text-align: center;\"><strong>Entrades:<\/strong>\u00a0\u00a0<a href=\"https:\/\/bit.ly\/33rdMDB\">https:\/\/bit.ly\/33rdMDB<\/a><\/p>\n<\/li>\n<\/ol>\n<p>&nbsp;<\/p>\n<p><img decoding=\"async\" loading=\"lazy\" class=\"alignnone size-medium wp-image-8961\" src=\"https:\/\/escalantecentreteatral.dival.es\/wp-content\/uploads\/pinoccio-700x466.jpg\" alt=\"\" width=\"700\" height=\"466\" srcset=\"https:\/\/escalantecentreteatral.dival.es\/wp-content\/uploads\/pinoccio-700x466.jpg 700w, https:\/\/escalantecentreteatral.dival.es\/wp-content\/uploads\/pinoccio-900x600.jpg 900w, https:\/\/escalantecentreteatral.dival.es\/wp-content\/uploads\/pinoccio-768x512.jpg 768w, https:\/\/escalantecentreteatral.dival.es\/wp-content\/uploads\/pinoccio-300x200.jpg 300w, https:\/\/escalantecentreteatral.dival.es\/wp-content\/uploads\/pinoccio.jpg 1280w\" sizes=\"(max-width: 700px) 100vw, 700px\" \/><\/p>\n<p style=\"text-align: center;\"><strong>Entradas: Pinocchio: <a href=\"https:\/\/bit.ly\/33rdMDB\">https:\/\/bit.ly\/33rdMDB<\/a><\/strong><\/p>\n<p>&nbsp;<\/p>\n<p>&nbsp;<\/p>\n","protected":false},"excerpt":{"rendered":"<p>La segona proposta d&#8217;Escena Diversa \u00e9s la mirada actual de l&#8217;obra de Pinocchio que planteja la companyia Gorakada i que podr\u00e0 veure&#8217;s el 13 de desembre. El personatge de la literatura italiana i universal que presenta la companyia basca \u00e9s una for\u00e7a de la naturalesa, com tots els xiquets, un Pinocchio de veritat, pragm\u00e0tic i [&hellip;]<\/p>\n","protected":false},"author":11,"featured_media":9796,"comment_status":"open","ping_status":"open","sticky":false,"template":"","format":"standard","meta":{"inline_featured_image":false},"categories":[5],"tags":[211,227,228,229,139,172,230,133,231],"acf":[],"yoast_head":"<!-- This site is optimized with the Yoast SEO plugin v21.1 - https:\/\/yoast.com\/wordpress\/plugins\/seo\/ -->\n<title>Pinocchio arriba a Escena Diversa - Escalante Centre Teatral<\/title>\n<meta name=\"description\" content=\"El mejor Pinocchio teatral para el p\u00fablico familiar\" \/>\n<meta name=\"robots\" content=\"index, follow, max-snippet:-1, max-image-preview:large, max-video-preview:-1\" \/>\n<link rel=\"canonical\" href=\"https:\/\/escalantecentreteatral.dival.es\/ect_noticies\/pinocchio-llega-a-escena-diversa\" \/>\n<meta property=\"og:locale\" content=\"ca_ES\" \/>\n<meta property=\"og:type\" content=\"article\" \/>\n<meta property=\"og:title\" content=\"Pinocchio arriba a Escena Diversa - Escalante Centre Teatral\" \/>\n<meta property=\"og:description\" content=\"El mejor Pinocchio teatral para el p\u00fablico familiar\" \/>\n<meta property=\"og:url\" content=\"https:\/\/escalantecentreteatral.dival.es\/ect_noticies\/pinocchio-llega-a-escena-diversa\" \/>\n<meta property=\"og:site_name\" content=\"Escalante Centre Teatral\" \/>\n<meta property=\"article:publisher\" content=\"https:\/\/www.facebook.com\/EscalanteTeatre\" \/>\n<meta property=\"article:published_time\" content=\"2020-12-08T12:01:34+00:00\" \/>\n<meta property=\"article:modified_time\" content=\"2020-12-11T12:10:49+00:00\" \/>\n<meta property=\"og:image\" content=\"https:\/\/escalantecentreteatral.dival.es\/wp-content\/uploads\/descarga.jpeg\" \/>\n\t<meta property=\"og:image:width\" content=\"275\" \/>\n\t<meta property=\"og:image:height\" content=\"183\" \/>\n\t<meta property=\"og:image:type\" content=\"image\/jpeg\" \/>\n<meta name=\"author\" content=\"B\u00e1rbara Trillo\" \/>\n<meta name=\"twitter:card\" content=\"summary_large_image\" \/>\n<meta name=\"twitter:creator\" content=\"@TeatreEscalante\" \/>\n<meta name=\"twitter:site\" content=\"@TeatreEscalante\" \/>\n<meta name=\"twitter:label1\" content=\"Written by\" \/>\n\t<meta name=\"twitter:data1\" content=\"B\u00e1rbara Trillo\" \/>\n\t<meta name=\"twitter:label2\" content=\"Est. reading time\" \/>\n\t<meta name=\"twitter:data2\" content=\"1 minute\" \/>\n<script type=\"application\/ld+json\" class=\"yoast-schema-graph\">{\"@context\":\"https:\/\/schema.org\",\"@graph\":[{\"@type\":\"Article\",\"@id\":\"https:\/\/escalantecentreteatral.dival.es\/ect_noticies\/pinocchio-llega-a-escena-diversa#article\",\"isPartOf\":{\"@id\":\"https:\/\/escalantecentreteatral.dival.es\/ect_noticies\/pinocchio-llega-a-escena-diversa\"},\"author\":{\"name\":\"B\u00e1rbara Trillo\",\"@id\":\"https:\/\/escalantecentreteatral.dival.es\/val\/#\/schema\/person\/c8947f00c7319c0b4abf7d2c96ba1b96\"},\"headline\":\"Pinocchio arriba a Escena Diversa\",\"datePublished\":\"2020-12-08T12:01:34+00:00\",\"dateModified\":\"2020-12-11T12:10:49+00:00\",\"mainEntityOfPage\":{\"@id\":\"https:\/\/escalantecentreteatral.dival.es\/ect_noticies\/pinocchio-llega-a-escena-diversa\"},\"wordCount\":120,\"commentCount\":0,\"publisher\":{\"@id\":\"https:\/\/escalantecentreteatral.dival.es\/val\/#organization\"},\"keywords\":[\"Escena Diversa\",\"Palau de les Arts\",\"Pinocchio\",\"Premio Feten\",\"teatro escalante\",\"teatro familiar\",\"Teatro Gorakada\",\"teatro infantil\",\"Teatro Seguro\"],\"articleSection\":[\"ECT\"],\"inLanguage\":\"ca\",\"potentialAction\":[{\"@type\":\"CommentAction\",\"name\":\"Comment\",\"target\":[\"https:\/\/escalantecentreteatral.dival.es\/ect_noticies\/pinocchio-llega-a-escena-diversa#respond\"]}]},{\"@type\":\"WebPage\",\"@id\":\"https:\/\/escalantecentreteatral.dival.es\/ect_noticies\/pinocchio-llega-a-escena-diversa\",\"url\":\"https:\/\/escalantecentreteatral.dival.es\/ect_noticies\/pinocchio-llega-a-escena-diversa\",\"name\":\"Pinocchio arriba a Escena Diversa - Escalante Centre Teatral\",\"isPartOf\":{\"@id\":\"https:\/\/escalantecentreteatral.dival.es\/val\/#website\"},\"datePublished\":\"2020-12-08T12:01:34+00:00\",\"dateModified\":\"2020-12-11T12:10:49+00:00\",\"description\":\"El mejor Pinocchio teatral para el p\u00fablico familiar\",\"breadcrumb\":{\"@id\":\"https:\/\/escalantecentreteatral.dival.es\/ect_noticies\/pinocchio-llega-a-escena-diversa#breadcrumb\"},\"inLanguage\":\"ca\",\"potentialAction\":[{\"@type\":\"ReadAction\",\"target\":[\"https:\/\/escalantecentreteatral.dival.es\/ect_noticies\/pinocchio-llega-a-escena-diversa\"]}]},{\"@type\":\"BreadcrumbList\",\"@id\":\"https:\/\/escalantecentreteatral.dival.es\/ect_noticies\/pinocchio-llega-a-escena-diversa#breadcrumb\",\"itemListElement\":[{\"@type\":\"ListItem\",\"position\":1,\"name\":\"Home\",\"item\":\"https:\/\/escalantecentreteatral.dival.es\/val\"},{\"@type\":\"ListItem\",\"position\":2,\"name\":\"Pinocchio arriba a Escena Diversa\"}]},{\"@type\":\"WebSite\",\"@id\":\"https:\/\/escalantecentreteatral.dival.es\/val\/#website\",\"url\":\"https:\/\/escalantecentreteatral.dival.es\/val\/\",\"name\":\"Escalante Centre Teatral\",\"description\":\"Valencia | espectaculos | musicales | artes escenicas.\",\"publisher\":{\"@id\":\"https:\/\/escalantecentreteatral.dival.es\/val\/#organization\"},\"potentialAction\":[{\"@type\":\"SearchAction\",\"target\":{\"@type\":\"EntryPoint\",\"urlTemplate\":\"https:\/\/escalantecentreteatral.dival.es\/val\/?s={search_term_string}\"},\"query-input\":\"required name=search_term_string\"}],\"inLanguage\":\"ca\"},{\"@type\":\"Organization\",\"@id\":\"https:\/\/escalantecentreteatral.dival.es\/val\/#organization\",\"name\":\"Escalante Centre Teatral\",\"alternateName\":\"Escalante Centre Teatral Val\u00e8ncia\",\"url\":\"https:\/\/escalantecentreteatral.dival.es\/val\/\",\"logo\":{\"@type\":\"ImageObject\",\"inLanguage\":\"ca\",\"@id\":\"https:\/\/escalantecentreteatral.dival.es\/val\/#\/schema\/logo\/image\/\",\"url\":\"https:\/\/escalantecentreteatral.dival.es\/wp-content\/uploads\/logo_ect-1.png\",\"contentUrl\":\"https:\/\/escalantecentreteatral.dival.es\/wp-content\/uploads\/logo_ect-1.png\",\"width\":1024,\"height\":292,\"caption\":\"Escalante Centre Teatral\"},\"image\":{\"@id\":\"https:\/\/escalantecentreteatral.dival.es\/val\/#\/schema\/logo\/image\/\"},\"sameAs\":[\"https:\/\/www.facebook.com\/EscalanteTeatre\",\"https:\/\/twitter.com\/TeatreEscalante\",\"https:\/\/www.instagram.com\/centre_escalante\/\",\"https:\/\/www.youtube.com\/channel\/UCaXtimrtZ6eLZKN2qPgPa3g\"]},{\"@type\":\"Person\",\"@id\":\"https:\/\/escalantecentreteatral.dival.es\/val\/#\/schema\/person\/c8947f00c7319c0b4abf7d2c96ba1b96\",\"name\":\"B\u00e1rbara Trillo\",\"image\":{\"@type\":\"ImageObject\",\"inLanguage\":\"ca\",\"@id\":\"https:\/\/escalantecentreteatral.dival.es\/val\/#\/schema\/person\/image\/\",\"url\":\"https:\/\/secure.gravatar.com\/avatar\/155b210217447cfafd113fe83b946a91?s=96&d=mm&r=g\",\"contentUrl\":\"https:\/\/secure.gravatar.com\/avatar\/155b210217447cfafd113fe83b946a91?s=96&d=mm&r=g\",\"caption\":\"B\u00e1rbara Trillo\"},\"url\":\"https:\/\/escalantecentreteatral.dival.es\/val\/author\/barbara-trillodival-es\"}]}<\/script>\n<!-- \/ Yoast SEO plugin. -->","yoast_head_json":{"title":"Pinocchio arriba a Escena Diversa - Escalante Centre Teatral","description":"El mejor Pinocchio teatral para el p\u00fablico familiar","robots":{"index":"index","follow":"follow","max-snippet":"max-snippet:-1","max-image-preview":"max-image-preview:large","max-video-preview":"max-video-preview:-1"},"canonical":"https:\/\/escalantecentreteatral.dival.es\/ect_noticies\/pinocchio-llega-a-escena-diversa","og_locale":"ca_ES","og_type":"article","og_title":"Pinocchio arriba a Escena Diversa - Escalante Centre Teatral","og_description":"El mejor Pinocchio teatral para el p\u00fablico familiar","og_url":"https:\/\/escalantecentreteatral.dival.es\/ect_noticies\/pinocchio-llega-a-escena-diversa","og_site_name":"Escalante Centre Teatral","article_publisher":"https:\/\/www.facebook.com\/EscalanteTeatre","article_published_time":"2020-12-08T12:01:34+00:00","article_modified_time":"2020-12-11T12:10:49+00:00","og_image":[{"width":275,"height":183,"url":"https:\/\/escalantecentreteatral.dival.es\/wp-content\/uploads\/descarga.jpeg","type":"image\/jpeg"}],"author":"B\u00e1rbara Trillo","twitter_card":"summary_large_image","twitter_creator":"@TeatreEscalante","twitter_site":"@TeatreEscalante","twitter_misc":{"Written by":"B\u00e1rbara Trillo","Est. reading time":"1 minute"},"schema":{"@context":"https:\/\/schema.org","@graph":[{"@type":"Article","@id":"https:\/\/escalantecentreteatral.dival.es\/ect_noticies\/pinocchio-llega-a-escena-diversa#article","isPartOf":{"@id":"https:\/\/escalantecentreteatral.dival.es\/ect_noticies\/pinocchio-llega-a-escena-diversa"},"author":{"name":"B\u00e1rbara Trillo","@id":"https:\/\/escalantecentreteatral.dival.es\/val\/#\/schema\/person\/c8947f00c7319c0b4abf7d2c96ba1b96"},"headline":"Pinocchio arriba a Escena Diversa","datePublished":"2020-12-08T12:01:34+00:00","dateModified":"2020-12-11T12:10:49+00:00","mainEntityOfPage":{"@id":"https:\/\/escalantecentreteatral.dival.es\/ect_noticies\/pinocchio-llega-a-escena-diversa"},"wordCount":120,"commentCount":0,"publisher":{"@id":"https:\/\/escalantecentreteatral.dival.es\/val\/#organization"},"keywords":["Escena Diversa","Palau de les Arts","Pinocchio","Premio Feten","teatro escalante","teatro familiar","Teatro Gorakada","teatro infantil","Teatro Seguro"],"articleSection":["ECT"],"inLanguage":"ca","potentialAction":[{"@type":"CommentAction","name":"Comment","target":["https:\/\/escalantecentreteatral.dival.es\/ect_noticies\/pinocchio-llega-a-escena-diversa#respond"]}]},{"@type":"WebPage","@id":"https:\/\/escalantecentreteatral.dival.es\/ect_noticies\/pinocchio-llega-a-escena-diversa","url":"https:\/\/escalantecentreteatral.dival.es\/ect_noticies\/pinocchio-llega-a-escena-diversa","name":"Pinocchio arriba a Escena Diversa - Escalante Centre Teatral","isPartOf":{"@id":"https:\/\/escalantecentreteatral.dival.es\/val\/#website"},"datePublished":"2020-12-08T12:01:34+00:00","dateModified":"2020-12-11T12:10:49+00:00","description":"El mejor Pinocchio teatral para el p\u00fablico familiar","breadcrumb":{"@id":"https:\/\/escalantecentreteatral.dival.es\/ect_noticies\/pinocchio-llega-a-escena-diversa#breadcrumb"},"inLanguage":"ca","potentialAction":[{"@type":"ReadAction","target":["https:\/\/escalantecentreteatral.dival.es\/ect_noticies\/pinocchio-llega-a-escena-diversa"]}]},{"@type":"BreadcrumbList","@id":"https:\/\/escalantecentreteatral.dival.es\/ect_noticies\/pinocchio-llega-a-escena-diversa#breadcrumb","itemListElement":[{"@type":"ListItem","position":1,"name":"Home","item":"https:\/\/escalantecentreteatral.dival.es\/val"},{"@type":"ListItem","position":2,"name":"Pinocchio arriba a Escena Diversa"}]},{"@type":"WebSite","@id":"https:\/\/escalantecentreteatral.dival.es\/val\/#website","url":"https:\/\/escalantecentreteatral.dival.es\/val\/","name":"Escalante Centre Teatral","description":"Valencia | espectaculos | musicales | artes escenicas.","publisher":{"@id":"https:\/\/escalantecentreteatral.dival.es\/val\/#organization"},"potentialAction":[{"@type":"SearchAction","target":{"@type":"EntryPoint","urlTemplate":"https:\/\/escalantecentreteatral.dival.es\/val\/?s={search_term_string}"},"query-input":"required name=search_term_string"}],"inLanguage":"ca"},{"@type":"Organization","@id":"https:\/\/escalantecentreteatral.dival.es\/val\/#organization","name":"Escalante Centre Teatral","alternateName":"Escalante Centre Teatral Val\u00e8ncia","url":"https:\/\/escalantecentreteatral.dival.es\/val\/","logo":{"@type":"ImageObject","inLanguage":"ca","@id":"https:\/\/escalantecentreteatral.dival.es\/val\/#\/schema\/logo\/image\/","url":"https:\/\/escalantecentreteatral.dival.es\/wp-content\/uploads\/logo_ect-1.png","contentUrl":"https:\/\/escalantecentreteatral.dival.es\/wp-content\/uploads\/logo_ect-1.png","width":1024,"height":292,"caption":"Escalante Centre Teatral"},"image":{"@id":"https:\/\/escalantecentreteatral.dival.es\/val\/#\/schema\/logo\/image\/"},"sameAs":["https:\/\/www.facebook.com\/EscalanteTeatre","https:\/\/twitter.com\/TeatreEscalante","https:\/\/www.instagram.com\/centre_escalante\/","https:\/\/www.youtube.com\/channel\/UCaXtimrtZ6eLZKN2qPgPa3g"]},{"@type":"Person","@id":"https:\/\/escalantecentreteatral.dival.es\/val\/#\/schema\/person\/c8947f00c7319c0b4abf7d2c96ba1b96","name":"B\u00e1rbara Trillo","image":{"@type":"ImageObject","inLanguage":"ca","@id":"https:\/\/escalantecentreteatral.dival.es\/val\/#\/schema\/person\/image\/","url":"https:\/\/secure.gravatar.com\/avatar\/155b210217447cfafd113fe83b946a91?s=96&d=mm&r=g","contentUrl":"https:\/\/secure.gravatar.com\/avatar\/155b210217447cfafd113fe83b946a91?s=96&d=mm&r=g","caption":"B\u00e1rbara Trillo"},"url":"https:\/\/escalantecentreteatral.dival.es\/val\/author\/barbara-trillodival-es"}]}},"_links":{"self":[{"href":"https:\/\/escalantecentreteatral.dival.es\/val\/wp-json\/wp\/v2\/posts\/9799"}],"collection":[{"href":"https:\/\/escalantecentreteatral.dival.es\/val\/wp-json\/wp\/v2\/posts"}],"about":[{"href":"https:\/\/escalantecentreteatral.dival.es\/val\/wp-json\/wp\/v2\/types\/post"}],"author":[{"embeddable":true,"href":"https:\/\/escalantecentreteatral.dival.es\/val\/wp-json\/wp\/v2\/users\/11"}],"replies":[{"embeddable":true,"href":"https:\/\/escalantecentreteatral.dival.es\/val\/wp-json\/wp\/v2\/comments?post=9799"}],"version-history":[{"count":3,"href":"https:\/\/escalantecentreteatral.dival.es\/val\/wp-json\/wp\/v2\/posts\/9799\/revisions"}],"predecessor-version":[{"id":9802,"href":"https:\/\/escalantecentreteatral.dival.es\/val\/wp-json\/wp\/v2\/posts\/9799\/revisions\/9802"}],"wp:featuredmedia":[{"embeddable":true,"href":"https:\/\/escalantecentreteatral.dival.es\/val\/wp-json\/wp\/v2\/media\/9796"}],"wp:attachment":[{"href":"https:\/\/escalantecentreteatral.dival.es\/val\/wp-json\/wp\/v2\/media?parent=9799"}],"wp:term":[{"taxonomy":"category","embeddable":true,"href":"https:\/\/escalantecentreteatral.dival.es\/val\/wp-json\/wp\/v2\/categories?post=9799"},{"taxonomy":"post_tag","embeddable":true,"href":"https:\/\/escalantecentreteatral.dival.es\/val\/wp-json\/wp\/v2\/tags?post=9799"}],"curies":[{"name":"wp","href":"https:\/\/api.w.org\/{rel}","templated":true}]}}