{"id":9672,"date":"2020-11-17T10:00:14","date_gmt":"2020-11-17T09:00:14","guid":{"rendered":"https:\/\/escalantecentreteatral.dival.es\/?p=9672"},"modified":"2020-11-17T12:37:19","modified_gmt":"2020-11-17T11:37:19","slug":"ciclo-teatro-de-la-memoria-4-ejercicios-escenicos-sobre-nuestra-historia-reciente","status":"publish","type":"post","link":"https:\/\/escalantecentreteatral.dival.es\/val\/ect-val\/ciclo-teatro-de-la-memoria-4-ejercicios-escenicos-sobre-nuestra-historia-reciente","title":{"rendered":"Cicle Teatre de la Mem\u00f2ria, 4 exercicis esc\u00e8nics sobre la nostra hist\u00f2ria recent"},"content":{"rendered":"<p><span style=\"font-size: 14pt;\">Al <strong>Cicle Teatre de la Mem\u00f2ria<\/strong> podreu gaudir de quatre espectacles per a p\u00fablic adult que s&#8217;endinsen en la nostra hist\u00f2ria recent des de diferents mirades esc\u00e8niques: <strong><em>Estos d\u00edas azules<\/em><\/strong>, <strong>de CocinandoDanza; Y los huesos hablaron, de Societat Doctor Alonso; Homenaje a una desconocida, de Teatro de la Catrinas; y Vidas enterrades, coproducci\u00f3 de<\/strong> <strong>L\u00b4Om Impreb\u00eds, Micomic\u00f3n Teatro, Teatro Corsario i Teatro del Temple.<\/strong><\/span><\/p>\n<p><span style=\"font-size: 14pt;\">El cicle se celebrar\u00e0 <strong>del 23 al 27 de novembre<\/strong> a la <strong>Sala Matilde Salvador.<\/strong> Muntatges que, amb enfocaments molt diferents, ressalten, reflexionen i indaguen a trav\u00e9s del fet teatral sobre la import\u00e0ncia de mantindre viva la mem\u00f2ria i la necessitat de recordar els episodis decisius que han marcat la nostra hist\u00f2ria.<\/span><\/p>\n<p><img decoding=\"async\" loading=\"lazy\" class=\"alignnone size-full wp-image-9669\" src=\"https:\/\/escalantecentreteatral.dival.es\/wp-content\/uploads\/2.-Estos-dias-azules.jpg\" alt=\"\" width=\"644\" height=\"429\" srcset=\"https:\/\/escalantecentreteatral.dival.es\/wp-content\/uploads\/2.-Estos-dias-azules.jpg 644w, https:\/\/escalantecentreteatral.dival.es\/wp-content\/uploads\/2.-Estos-dias-azules-300x200.jpg 300w\" sizes=\"(max-width: 644px) 100vw, 644px\" \/><\/p>\n","protected":false},"excerpt":{"rendered":"<p>Al Cicle Teatre de la Mem\u00f2ria podreu gaudir de quatre espectacles per a p\u00fablic adult que s&#8217;endinsen en la nostra hist\u00f2ria recent des de diferents mirades esc\u00e8niques: Estos d\u00edas azules, de CocinandoDanza; Y los huesos hablaron, de Societat Doctor Alonso; Homenaje a una desconocida, de Teatro de la Catrinas; y Vidas enterrades, coproducci\u00f3 de L\u00b4Om [&hellip;]<\/p>\n","protected":false},"author":11,"featured_media":9670,"comment_status":"open","ping_status":"open","sticky":false,"template":"","format":"standard","meta":{"inline_featured_image":false},"categories":[5],"tags":[],"acf":[],"yoast_head":"<!-- This site is optimized with the Yoast SEO plugin v21.1 - https:\/\/yoast.com\/wordpress\/plugins\/seo\/ -->\n<title>Cicle Teatre de la Mem\u00f2ria, 4 exercicis esc\u00e8nics sobre la nostra hist\u00f2ria recent - Escalante Centre Teatral<\/title>\n<meta name=\"robots\" content=\"index, follow, max-snippet:-1, max-image-preview:large, max-video-preview:-1\" \/>\n<link rel=\"canonical\" href=\"https:\/\/escalantecentreteatral.dival.es\/ect_noticies\/ciclo-teatro-de-la-memoria-4-ejercicios-escenicos-sobre-nuestra-historia-reciente\" \/>\n<meta property=\"og:locale\" content=\"ca_ES\" \/>\n<meta property=\"og:type\" content=\"article\" \/>\n<meta property=\"og:title\" content=\"Cicle Teatre de la Mem\u00f2ria, 4 exercicis esc\u00e8nics sobre la nostra hist\u00f2ria recent - Escalante Centre Teatral\" \/>\n<meta property=\"og:description\" content=\"Al Cicle Teatre de la Mem\u00f2ria podreu gaudir de quatre espectacles per a p\u00fablic adult que s&#8217;endinsen en la nostra hist\u00f2ria recent des de diferents mirades esc\u00e8niques: Estos d\u00edas azules, de CocinandoDanza; Y los huesos hablaron, de Societat Doctor Alonso; Homenaje a una desconocida, de Teatro de la Catrinas; y Vidas enterrades, coproducci\u00f3 de L\u00b4Om [&hellip;]\" \/>\n<meta property=\"og:url\" content=\"https:\/\/escalantecentreteatral.dival.es\/ect_noticies\/ciclo-teatro-de-la-memoria-4-ejercicios-escenicos-sobre-nuestra-historia-reciente\" \/>\n<meta property=\"og:site_name\" content=\"Escalante Centre Teatral\" \/>\n<meta property=\"article:publisher\" content=\"https:\/\/www.facebook.com\/EscalanteTeatre\" \/>\n<meta property=\"article:published_time\" content=\"2020-11-17T09:00:14+00:00\" \/>\n<meta property=\"article:modified_time\" content=\"2020-11-17T11:37:19+00:00\" \/>\n<meta property=\"og:image\" content=\"https:\/\/escalantecentreteatral.dival.es\/wp-content\/uploads\/2.-Estos-dias-azules.jpg\" \/>\n\t<meta property=\"og:image:width\" content=\"644\" \/>\n\t<meta property=\"og:image:height\" content=\"429\" \/>\n\t<meta property=\"og:image:type\" content=\"image\/jpeg\" \/>\n<meta name=\"author\" content=\"B\u00e1rbara Trillo\" \/>\n<meta name=\"twitter:card\" content=\"summary_large_image\" \/>\n<meta name=\"twitter:creator\" content=\"@TeatreEscalante\" \/>\n<meta name=\"twitter:site\" content=\"@TeatreEscalante\" \/>\n<meta name=\"twitter:label1\" content=\"Written by\" \/>\n\t<meta name=\"twitter:data1\" content=\"B\u00e1rbara Trillo\" \/>\n\t<meta name=\"twitter:label2\" content=\"Est. reading time\" \/>\n\t<meta name=\"twitter:data2\" content=\"1 minute\" \/>\n<script type=\"application\/ld+json\" class=\"yoast-schema-graph\">{\"@context\":\"https:\/\/schema.org\",\"@graph\":[{\"@type\":\"Article\",\"@id\":\"https:\/\/escalantecentreteatral.dival.es\/ect_noticies\/ciclo-teatro-de-la-memoria-4-ejercicios-escenicos-sobre-nuestra-historia-reciente#article\",\"isPartOf\":{\"@id\":\"https:\/\/escalantecentreteatral.dival.es\/ect_noticies\/ciclo-teatro-de-la-memoria-4-ejercicios-escenicos-sobre-nuestra-historia-reciente\"},\"author\":{\"name\":\"B\u00e1rbara Trillo\",\"@id\":\"https:\/\/escalantecentreteatral.dival.es\/val\/#\/schema\/person\/c8947f00c7319c0b4abf7d2c96ba1b96\"},\"headline\":\"Cicle Teatre de la Mem\u00f2ria, 4 exercicis esc\u00e8nics sobre la nostra hist\u00f2ria recent\",\"datePublished\":\"2020-11-17T09:00:14+00:00\",\"dateModified\":\"2020-11-17T11:37:19+00:00\",\"mainEntityOfPage\":{\"@id\":\"https:\/\/escalantecentreteatral.dival.es\/ect_noticies\/ciclo-teatro-de-la-memoria-4-ejercicios-escenicos-sobre-nuestra-historia-reciente\"},\"wordCount\":142,\"commentCount\":0,\"publisher\":{\"@id\":\"https:\/\/escalantecentreteatral.dival.es\/val\/#organization\"},\"articleSection\":[\"ECT\"],\"inLanguage\":\"ca\",\"potentialAction\":[{\"@type\":\"CommentAction\",\"name\":\"Comment\",\"target\":[\"https:\/\/escalantecentreteatral.dival.es\/ect_noticies\/ciclo-teatro-de-la-memoria-4-ejercicios-escenicos-sobre-nuestra-historia-reciente#respond\"]}]},{\"@type\":\"WebPage\",\"@id\":\"https:\/\/escalantecentreteatral.dival.es\/ect_noticies\/ciclo-teatro-de-la-memoria-4-ejercicios-escenicos-sobre-nuestra-historia-reciente\",\"url\":\"https:\/\/escalantecentreteatral.dival.es\/ect_noticies\/ciclo-teatro-de-la-memoria-4-ejercicios-escenicos-sobre-nuestra-historia-reciente\",\"name\":\"Cicle Teatre de la Mem\u00f2ria, 4 exercicis esc\u00e8nics sobre la nostra hist\u00f2ria recent - Escalante Centre Teatral\",\"isPartOf\":{\"@id\":\"https:\/\/escalantecentreteatral.dival.es\/val\/#website\"},\"datePublished\":\"2020-11-17T09:00:14+00:00\",\"dateModified\":\"2020-11-17T11:37:19+00:00\",\"breadcrumb\":{\"@id\":\"https:\/\/escalantecentreteatral.dival.es\/ect_noticies\/ciclo-teatro-de-la-memoria-4-ejercicios-escenicos-sobre-nuestra-historia-reciente#breadcrumb\"},\"inLanguage\":\"ca\",\"potentialAction\":[{\"@type\":\"ReadAction\",\"target\":[\"https:\/\/escalantecentreteatral.dival.es\/ect_noticies\/ciclo-teatro-de-la-memoria-4-ejercicios-escenicos-sobre-nuestra-historia-reciente\"]}]},{\"@type\":\"BreadcrumbList\",\"@id\":\"https:\/\/escalantecentreteatral.dival.es\/ect_noticies\/ciclo-teatro-de-la-memoria-4-ejercicios-escenicos-sobre-nuestra-historia-reciente#breadcrumb\",\"itemListElement\":[{\"@type\":\"ListItem\",\"position\":1,\"name\":\"Home\",\"item\":\"https:\/\/escalantecentreteatral.dival.es\/val\"},{\"@type\":\"ListItem\",\"position\":2,\"name\":\"Cicle Teatre de la Mem\u00f2ria, 4 exercicis esc\u00e8nics sobre la nostra hist\u00f2ria recent\"}]},{\"@type\":\"WebSite\",\"@id\":\"https:\/\/escalantecentreteatral.dival.es\/val\/#website\",\"url\":\"https:\/\/escalantecentreteatral.dival.es\/val\/\",\"name\":\"Escalante Centre Teatral\",\"description\":\"Valencia | espectaculos | musicales | artes escenicas.\",\"publisher\":{\"@id\":\"https:\/\/escalantecentreteatral.dival.es\/val\/#organization\"},\"potentialAction\":[{\"@type\":\"SearchAction\",\"target\":{\"@type\":\"EntryPoint\",\"urlTemplate\":\"https:\/\/escalantecentreteatral.dival.es\/val\/?s={search_term_string}\"},\"query-input\":\"required name=search_term_string\"}],\"inLanguage\":\"ca\"},{\"@type\":\"Organization\",\"@id\":\"https:\/\/escalantecentreteatral.dival.es\/val\/#organization\",\"name\":\"Escalante Centre Teatral\",\"alternateName\":\"Escalante Centre Teatral Val\u00e8ncia\",\"url\":\"https:\/\/escalantecentreteatral.dival.es\/val\/\",\"logo\":{\"@type\":\"ImageObject\",\"inLanguage\":\"ca\",\"@id\":\"https:\/\/escalantecentreteatral.dival.es\/val\/#\/schema\/logo\/image\/\",\"url\":\"https:\/\/escalantecentreteatral.dival.es\/wp-content\/uploads\/logo_ect-1.png\",\"contentUrl\":\"https:\/\/escalantecentreteatral.dival.es\/wp-content\/uploads\/logo_ect-1.png\",\"width\":1024,\"height\":292,\"caption\":\"Escalante Centre Teatral\"},\"image\":{\"@id\":\"https:\/\/escalantecentreteatral.dival.es\/val\/#\/schema\/logo\/image\/\"},\"sameAs\":[\"https:\/\/www.facebook.com\/EscalanteTeatre\",\"https:\/\/twitter.com\/TeatreEscalante\",\"https:\/\/www.instagram.com\/centre_escalante\/\",\"https:\/\/www.youtube.com\/channel\/UCaXtimrtZ6eLZKN2qPgPa3g\"]},{\"@type\":\"Person\",\"@id\":\"https:\/\/escalantecentreteatral.dival.es\/val\/#\/schema\/person\/c8947f00c7319c0b4abf7d2c96ba1b96\",\"name\":\"B\u00e1rbara Trillo\",\"image\":{\"@type\":\"ImageObject\",\"inLanguage\":\"ca\",\"@id\":\"https:\/\/escalantecentreteatral.dival.es\/val\/#\/schema\/person\/image\/\",\"url\":\"https:\/\/secure.gravatar.com\/avatar\/155b210217447cfafd113fe83b946a91?s=96&d=mm&r=g\",\"contentUrl\":\"https:\/\/secure.gravatar.com\/avatar\/155b210217447cfafd113fe83b946a91?s=96&d=mm&r=g\",\"caption\":\"B\u00e1rbara Trillo\"},\"url\":\"https:\/\/escalantecentreteatral.dival.es\/val\/author\/barbara-trillodival-es\"}]}<\/script>\n<!-- \/ Yoast SEO plugin. -->","yoast_head_json":{"title":"Cicle Teatre de la Mem\u00f2ria, 4 exercicis esc\u00e8nics sobre la nostra hist\u00f2ria recent - Escalante Centre Teatral","robots":{"index":"index","follow":"follow","max-snippet":"max-snippet:-1","max-image-preview":"max-image-preview:large","max-video-preview":"max-video-preview:-1"},"canonical":"https:\/\/escalantecentreteatral.dival.es\/ect_noticies\/ciclo-teatro-de-la-memoria-4-ejercicios-escenicos-sobre-nuestra-historia-reciente","og_locale":"ca_ES","og_type":"article","og_title":"Cicle Teatre de la Mem\u00f2ria, 4 exercicis esc\u00e8nics sobre la nostra hist\u00f2ria recent - Escalante Centre Teatral","og_description":"Al Cicle Teatre de la Mem\u00f2ria podreu gaudir de quatre espectacles per a p\u00fablic adult que s&#8217;endinsen en la nostra hist\u00f2ria recent des de diferents mirades esc\u00e8niques: Estos d\u00edas azules, de CocinandoDanza; Y los huesos hablaron, de Societat Doctor Alonso; Homenaje a una desconocida, de Teatro de la Catrinas; y Vidas enterrades, coproducci\u00f3 de L\u00b4Om [&hellip;]","og_url":"https:\/\/escalantecentreteatral.dival.es\/ect_noticies\/ciclo-teatro-de-la-memoria-4-ejercicios-escenicos-sobre-nuestra-historia-reciente","og_site_name":"Escalante Centre Teatral","article_publisher":"https:\/\/www.facebook.com\/EscalanteTeatre","article_published_time":"2020-11-17T09:00:14+00:00","article_modified_time":"2020-11-17T11:37:19+00:00","og_image":[{"width":644,"height":429,"url":"https:\/\/escalantecentreteatral.dival.es\/wp-content\/uploads\/2.-Estos-dias-azules.jpg","type":"image\/jpeg"}],"author":"B\u00e1rbara Trillo","twitter_card":"summary_large_image","twitter_creator":"@TeatreEscalante","twitter_site":"@TeatreEscalante","twitter_misc":{"Written by":"B\u00e1rbara Trillo","Est. reading time":"1 minute"},"schema":{"@context":"https:\/\/schema.org","@graph":[{"@type":"Article","@id":"https:\/\/escalantecentreteatral.dival.es\/ect_noticies\/ciclo-teatro-de-la-memoria-4-ejercicios-escenicos-sobre-nuestra-historia-reciente#article","isPartOf":{"@id":"https:\/\/escalantecentreteatral.dival.es\/ect_noticies\/ciclo-teatro-de-la-memoria-4-ejercicios-escenicos-sobre-nuestra-historia-reciente"},"author":{"name":"B\u00e1rbara Trillo","@id":"https:\/\/escalantecentreteatral.dival.es\/val\/#\/schema\/person\/c8947f00c7319c0b4abf7d2c96ba1b96"},"headline":"Cicle Teatre de la Mem\u00f2ria, 4 exercicis esc\u00e8nics sobre la nostra hist\u00f2ria recent","datePublished":"2020-11-17T09:00:14+00:00","dateModified":"2020-11-17T11:37:19+00:00","mainEntityOfPage":{"@id":"https:\/\/escalantecentreteatral.dival.es\/ect_noticies\/ciclo-teatro-de-la-memoria-4-ejercicios-escenicos-sobre-nuestra-historia-reciente"},"wordCount":142,"commentCount":0,"publisher":{"@id":"https:\/\/escalantecentreteatral.dival.es\/val\/#organization"},"articleSection":["ECT"],"inLanguage":"ca","potentialAction":[{"@type":"CommentAction","name":"Comment","target":["https:\/\/escalantecentreteatral.dival.es\/ect_noticies\/ciclo-teatro-de-la-memoria-4-ejercicios-escenicos-sobre-nuestra-historia-reciente#respond"]}]},{"@type":"WebPage","@id":"https:\/\/escalantecentreteatral.dival.es\/ect_noticies\/ciclo-teatro-de-la-memoria-4-ejercicios-escenicos-sobre-nuestra-historia-reciente","url":"https:\/\/escalantecentreteatral.dival.es\/ect_noticies\/ciclo-teatro-de-la-memoria-4-ejercicios-escenicos-sobre-nuestra-historia-reciente","name":"Cicle Teatre de la Mem\u00f2ria, 4 exercicis esc\u00e8nics sobre la nostra hist\u00f2ria recent - Escalante Centre Teatral","isPartOf":{"@id":"https:\/\/escalantecentreteatral.dival.es\/val\/#website"},"datePublished":"2020-11-17T09:00:14+00:00","dateModified":"2020-11-17T11:37:19+00:00","breadcrumb":{"@id":"https:\/\/escalantecentreteatral.dival.es\/ect_noticies\/ciclo-teatro-de-la-memoria-4-ejercicios-escenicos-sobre-nuestra-historia-reciente#breadcrumb"},"inLanguage":"ca","potentialAction":[{"@type":"ReadAction","target":["https:\/\/escalantecentreteatral.dival.es\/ect_noticies\/ciclo-teatro-de-la-memoria-4-ejercicios-escenicos-sobre-nuestra-historia-reciente"]}]},{"@type":"BreadcrumbList","@id":"https:\/\/escalantecentreteatral.dival.es\/ect_noticies\/ciclo-teatro-de-la-memoria-4-ejercicios-escenicos-sobre-nuestra-historia-reciente#breadcrumb","itemListElement":[{"@type":"ListItem","position":1,"name":"Home","item":"https:\/\/escalantecentreteatral.dival.es\/val"},{"@type":"ListItem","position":2,"name":"Cicle Teatre de la Mem\u00f2ria, 4 exercicis esc\u00e8nics sobre la nostra hist\u00f2ria recent"}]},{"@type":"WebSite","@id":"https:\/\/escalantecentreteatral.dival.es\/val\/#website","url":"https:\/\/escalantecentreteatral.dival.es\/val\/","name":"Escalante Centre Teatral","description":"Valencia | espectaculos | musicales | artes escenicas.","publisher":{"@id":"https:\/\/escalantecentreteatral.dival.es\/val\/#organization"},"potentialAction":[{"@type":"SearchAction","target":{"@type":"EntryPoint","urlTemplate":"https:\/\/escalantecentreteatral.dival.es\/val\/?s={search_term_string}"},"query-input":"required name=search_term_string"}],"inLanguage":"ca"},{"@type":"Organization","@id":"https:\/\/escalantecentreteatral.dival.es\/val\/#organization","name":"Escalante Centre Teatral","alternateName":"Escalante Centre Teatral Val\u00e8ncia","url":"https:\/\/escalantecentreteatral.dival.es\/val\/","logo":{"@type":"ImageObject","inLanguage":"ca","@id":"https:\/\/escalantecentreteatral.dival.es\/val\/#\/schema\/logo\/image\/","url":"https:\/\/escalantecentreteatral.dival.es\/wp-content\/uploads\/logo_ect-1.png","contentUrl":"https:\/\/escalantecentreteatral.dival.es\/wp-content\/uploads\/logo_ect-1.png","width":1024,"height":292,"caption":"Escalante Centre Teatral"},"image":{"@id":"https:\/\/escalantecentreteatral.dival.es\/val\/#\/schema\/logo\/image\/"},"sameAs":["https:\/\/www.facebook.com\/EscalanteTeatre","https:\/\/twitter.com\/TeatreEscalante","https:\/\/www.instagram.com\/centre_escalante\/","https:\/\/www.youtube.com\/channel\/UCaXtimrtZ6eLZKN2qPgPa3g"]},{"@type":"Person","@id":"https:\/\/escalantecentreteatral.dival.es\/val\/#\/schema\/person\/c8947f00c7319c0b4abf7d2c96ba1b96","name":"B\u00e1rbara Trillo","image":{"@type":"ImageObject","inLanguage":"ca","@id":"https:\/\/escalantecentreteatral.dival.es\/val\/#\/schema\/person\/image\/","url":"https:\/\/secure.gravatar.com\/avatar\/155b210217447cfafd113fe83b946a91?s=96&d=mm&r=g","contentUrl":"https:\/\/secure.gravatar.com\/avatar\/155b210217447cfafd113fe83b946a91?s=96&d=mm&r=g","caption":"B\u00e1rbara Trillo"},"url":"https:\/\/escalantecentreteatral.dival.es\/val\/author\/barbara-trillodival-es"}]}},"_links":{"self":[{"href":"https:\/\/escalantecentreteatral.dival.es\/val\/wp-json\/wp\/v2\/posts\/9672"}],"collection":[{"href":"https:\/\/escalantecentreteatral.dival.es\/val\/wp-json\/wp\/v2\/posts"}],"about":[{"href":"https:\/\/escalantecentreteatral.dival.es\/val\/wp-json\/wp\/v2\/types\/post"}],"author":[{"embeddable":true,"href":"https:\/\/escalantecentreteatral.dival.es\/val\/wp-json\/wp\/v2\/users\/11"}],"replies":[{"embeddable":true,"href":"https:\/\/escalantecentreteatral.dival.es\/val\/wp-json\/wp\/v2\/comments?post=9672"}],"version-history":[{"count":2,"href":"https:\/\/escalantecentreteatral.dival.es\/val\/wp-json\/wp\/v2\/posts\/9672\/revisions"}],"predecessor-version":[{"id":9674,"href":"https:\/\/escalantecentreteatral.dival.es\/val\/wp-json\/wp\/v2\/posts\/9672\/revisions\/9674"}],"wp:featuredmedia":[{"embeddable":true,"href":"https:\/\/escalantecentreteatral.dival.es\/val\/wp-json\/wp\/v2\/media\/9670"}],"wp:attachment":[{"href":"https:\/\/escalantecentreteatral.dival.es\/val\/wp-json\/wp\/v2\/media?parent=9672"}],"wp:term":[{"taxonomy":"category","embeddable":true,"href":"https:\/\/escalantecentreteatral.dival.es\/val\/wp-json\/wp\/v2\/categories?post=9672"},{"taxonomy":"post_tag","embeddable":true,"href":"https:\/\/escalantecentreteatral.dival.es\/val\/wp-json\/wp\/v2\/tags?post=9672"}],"curies":[{"name":"wp","href":"https:\/\/api.w.org\/{rel}","templated":true}]}}