{"id":9351,"date":"2020-08-06T17:26:14","date_gmt":"2020-08-06T15:26:14","guid":{"rendered":"https:\/\/escalantecentreteatral.dival.es\/ect-val\/la-diputacio-convoca-la-plaza-de-coordinacion-artistica-del-teatro-escalante"},"modified":"2020-08-06T17:27:24","modified_gmt":"2020-08-06T15:27:24","slug":"la-diputacio-convoca-la-plaza-de-coordinacion-artistica-del-teatro-escalante","status":"publish","type":"post","link":"https:\/\/escalantecentreteatral.dival.es\/val\/ect-val\/la-diputacio-convoca-la-plaza-de-coordinacion-artistica-del-teatro-escalante","title":{"rendered":"La Diputaci\u00f3 convoca la plaza de coordinaci\u00f3n art\u00edstica del Teatro Escalante"},"content":{"rendered":"<div class=\"content\">\n<div class=\"content\">\n<p>El pasado 9 de julio la Diputaci\u00f3 de Val\u00e8ncia publicaba el acuerdo de pleno de 23 de junio de 2020 de modificaci\u00f3n de diversos puestos incluidos en la RPT, Relaci\u00f3n de Puestos de Trabajo de la corporaci\u00f3n provincial. De este modo se aprobaba la creaci\u00f3n del puesto de Coordinador Art\u00edstico de Teatres con clasificaci\u00f3n A1, abierta a otras administraciones p\u00fablicas.<\/p>\n<p>El titular de dicho puesto ser\u00e1 el responsable de la planificaci\u00f3n, direcci\u00f3n y evaluaci\u00f3n de las actividades art\u00edsticas programadas en los teatros de la Diputaci\u00f3, dirigir el Centro Teatral Escalante, seleccionar las propuestas art\u00edsticas para la producci\u00f3n propia de la temporada teatral y la programaci\u00f3n de producciones externas, as\u00ed como la programaci\u00f3n de otras actividades paralelas y de la Escuela de Teatro Escalante.<\/p>\n<p>Asimismo, se encargar\u00e1 de realizar la direcci\u00f3n de las producciones propias o las coproducciones exhibidas en el Teatro Escalante. Esto implica el dise\u00f1o de las mismas, la fiscalizaci\u00f3n, seguimiento y el cumplimiento de los presupuestos, as\u00ed como el cumplimiento de los objetivos financieros y art\u00edsticos del proyecto. Tambi\u00e9n dirigir las giras de las producciones propias y coordinar y realizar una programaci\u00f3n de temporada en el Teatro Principal de Val\u00e8ncia en colaboraci\u00f3n con el Institut Valenci\u00e0 de Cultura. \u00a0<\/p>\n<p>El proceso administrativo ha estado necesariamente condicionado por los recientes meses del confinamiento. Si bien se ha alargado m\u00e1s de lo debido, se pretende ahora disponer de propuestas interesantes para poder cerrar el ejercicio 2020 con una cabeza visible al frente del Escalante.<\/p>\n<p>El procedimiento de provisi\u00f3n de dicha plaza ha sido gestionado por el departamento de personal, tras desestimar hace meses la opci\u00f3n de convocar una alta direcci\u00f3n, seg\u00fan diversas recomendaciones jur\u00eddicas internas.<\/p>\n<p>Dicha plaza deber\u00e1 ser convocada para su cobertura por el procedimiento de libre designaci\u00f3n que deber\u00e1 ajustarse, seg\u00fan reza la convocatoria, a la condici\u00f3n de funcionario\/a de carrera A1, \u201ct\u00e9cnico superior de servicios culturales\u201d, y re\u00fana los requisitos de idoneidad para el desempe\u00f1o del puesto. El proceso queda abierto a otras administraciones.<\/p>\n<\/div>\n<\/div>\n","protected":false},"excerpt":{"rendered":"<p>El pasado 9 de julio la Diputaci\u00f3 de Val\u00e8ncia publicaba el acuerdo de pleno de 23 de junio de 2020 de modificaci\u00f3n de diversos puestos incluidos en la RPT, Relaci\u00f3n de Puestos de Trabajo de la corporaci\u00f3n provincial. De este modo se aprobaba la creaci\u00f3n del puesto de Coordinador Art\u00edstico de Teatres con clasificaci\u00f3n A1, [&hellip;]<\/p>\n","protected":false},"author":1,"featured_media":9146,"comment_status":"open","ping_status":"open","sticky":false,"template":"","format":"standard","meta":{"inline_featured_image":false},"categories":[5],"tags":[],"acf":[],"yoast_head":"<!-- This site is optimized with the Yoast SEO plugin v21.1 - https:\/\/yoast.com\/wordpress\/plugins\/seo\/ -->\n<title>La Diputaci\u00f3 convoca la plaza de coordinaci\u00f3n art\u00edstica del Teatro Escalante - Escalante Centre Teatral<\/title>\n<meta name=\"robots\" content=\"index, follow, max-snippet:-1, max-image-preview:large, max-video-preview:-1\" \/>\n<link rel=\"canonical\" href=\"https:\/\/escalantecentreteatral.dival.es\/ect_noticies\/la-diputacio-convoca-la-plaza-de-coordinacion-artistica-del-teatro-escalante\" \/>\n<meta property=\"og:locale\" content=\"ca_ES\" \/>\n<meta property=\"og:type\" content=\"article\" \/>\n<meta property=\"og:title\" content=\"La Diputaci\u00f3 convoca la plaza de coordinaci\u00f3n art\u00edstica del Teatro Escalante - Escalante Centre Teatral\" \/>\n<meta property=\"og:description\" content=\"El pasado 9 de julio la Diputaci\u00f3 de Val\u00e8ncia publicaba el acuerdo de pleno de 23 de junio de 2020 de modificaci\u00f3n de diversos puestos incluidos en la RPT, Relaci\u00f3n de Puestos de Trabajo de la corporaci\u00f3n provincial. De este modo se aprobaba la creaci\u00f3n del puesto de Coordinador Art\u00edstico de Teatres con clasificaci\u00f3n A1, [&hellip;]\" \/>\n<meta property=\"og:url\" content=\"https:\/\/escalantecentreteatral.dival.es\/ect_noticies\/la-diputacio-convoca-la-plaza-de-coordinacion-artistica-del-teatro-escalante\" \/>\n<meta property=\"og:site_name\" content=\"Escalante Centre Teatral\" \/>\n<meta property=\"article:publisher\" content=\"https:\/\/www.facebook.com\/EscalanteTeatre\" \/>\n<meta property=\"article:published_time\" content=\"2020-08-06T15:26:14+00:00\" \/>\n<meta property=\"article:modified_time\" content=\"2020-08-06T15:27:24+00:00\" \/>\n<meta property=\"og:image\" content=\"https:\/\/escalantecentreteatral.dival.es\/wp-content\/uploads\/ciclo_menut-2.jpg\" \/>\n\t<meta property=\"og:image:width\" content=\"1024\" \/>\n\t<meta property=\"og:image:height\" content=\"492\" \/>\n\t<meta property=\"og:image:type\" content=\"image\/jpeg\" \/>\n<meta name=\"author\" content=\"SECT_admin\" \/>\n<meta name=\"twitter:card\" content=\"summary_large_image\" \/>\n<meta name=\"twitter:creator\" content=\"@TeatreEscalante\" \/>\n<meta name=\"twitter:site\" content=\"@TeatreEscalante\" \/>\n<meta name=\"twitter:label1\" content=\"Written by\" \/>\n\t<meta name=\"twitter:data1\" content=\"SECT_admin\" \/>\n\t<meta name=\"twitter:label2\" content=\"Est. reading time\" \/>\n\t<meta name=\"twitter:data2\" content=\"2 minutes\" \/>\n<script type=\"application\/ld+json\" class=\"yoast-schema-graph\">{\"@context\":\"https:\/\/schema.org\",\"@graph\":[{\"@type\":\"Article\",\"@id\":\"https:\/\/escalantecentreteatral.dival.es\/ect_noticies\/la-diputacio-convoca-la-plaza-de-coordinacion-artistica-del-teatro-escalante#article\",\"isPartOf\":{\"@id\":\"https:\/\/escalantecentreteatral.dival.es\/ect_noticies\/la-diputacio-convoca-la-plaza-de-coordinacion-artistica-del-teatro-escalante\"},\"author\":{\"name\":\"SECT_admin\",\"@id\":\"https:\/\/escalantecentreteatral.dival.es\/val\/#\/schema\/person\/e7a74ffe050067e88dd3c685e2898942\"},\"headline\":\"La Diputaci\u00f3 convoca la plaza de coordinaci\u00f3n art\u00edstica del Teatro Escalante\",\"datePublished\":\"2020-08-06T15:26:14+00:00\",\"dateModified\":\"2020-08-06T15:27:24+00:00\",\"mainEntityOfPage\":{\"@id\":\"https:\/\/escalantecentreteatral.dival.es\/ect_noticies\/la-diputacio-convoca-la-plaza-de-coordinacion-artistica-del-teatro-escalante\"},\"wordCount\":372,\"commentCount\":0,\"publisher\":{\"@id\":\"https:\/\/escalantecentreteatral.dival.es\/val\/#organization\"},\"articleSection\":[\"ECT\"],\"inLanguage\":\"ca\",\"potentialAction\":[{\"@type\":\"CommentAction\",\"name\":\"Comment\",\"target\":[\"https:\/\/escalantecentreteatral.dival.es\/ect_noticies\/la-diputacio-convoca-la-plaza-de-coordinacion-artistica-del-teatro-escalante#respond\"]}]},{\"@type\":\"WebPage\",\"@id\":\"https:\/\/escalantecentreteatral.dival.es\/ect_noticies\/la-diputacio-convoca-la-plaza-de-coordinacion-artistica-del-teatro-escalante\",\"url\":\"https:\/\/escalantecentreteatral.dival.es\/ect_noticies\/la-diputacio-convoca-la-plaza-de-coordinacion-artistica-del-teatro-escalante\",\"name\":\"La Diputaci\u00f3 convoca la plaza de coordinaci\u00f3n art\u00edstica del Teatro Escalante - Escalante Centre Teatral\",\"isPartOf\":{\"@id\":\"https:\/\/escalantecentreteatral.dival.es\/val\/#website\"},\"datePublished\":\"2020-08-06T15:26:14+00:00\",\"dateModified\":\"2020-08-06T15:27:24+00:00\",\"breadcrumb\":{\"@id\":\"https:\/\/escalantecentreteatral.dival.es\/ect_noticies\/la-diputacio-convoca-la-plaza-de-coordinacion-artistica-del-teatro-escalante#breadcrumb\"},\"inLanguage\":\"ca\",\"potentialAction\":[{\"@type\":\"ReadAction\",\"target\":[\"https:\/\/escalantecentreteatral.dival.es\/ect_noticies\/la-diputacio-convoca-la-plaza-de-coordinacion-artistica-del-teatro-escalante\"]}]},{\"@type\":\"BreadcrumbList\",\"@id\":\"https:\/\/escalantecentreteatral.dival.es\/ect_noticies\/la-diputacio-convoca-la-plaza-de-coordinacion-artistica-del-teatro-escalante#breadcrumb\",\"itemListElement\":[{\"@type\":\"ListItem\",\"position\":1,\"name\":\"Home\",\"item\":\"https:\/\/escalantecentreteatral.dival.es\/val\"},{\"@type\":\"ListItem\",\"position\":2,\"name\":\"La Diputaci\u00f3 convoca la plaza de coordinaci\u00f3n art\u00edstica del Teatro Escalante\"}]},{\"@type\":\"WebSite\",\"@id\":\"https:\/\/escalantecentreteatral.dival.es\/val\/#website\",\"url\":\"https:\/\/escalantecentreteatral.dival.es\/val\/\",\"name\":\"Escalante Centre Teatral\",\"description\":\"Valencia | espectaculos | musicales | artes escenicas.\",\"publisher\":{\"@id\":\"https:\/\/escalantecentreteatral.dival.es\/val\/#organization\"},\"potentialAction\":[{\"@type\":\"SearchAction\",\"target\":{\"@type\":\"EntryPoint\",\"urlTemplate\":\"https:\/\/escalantecentreteatral.dival.es\/val\/?s={search_term_string}\"},\"query-input\":\"required name=search_term_string\"}],\"inLanguage\":\"ca\"},{\"@type\":\"Organization\",\"@id\":\"https:\/\/escalantecentreteatral.dival.es\/val\/#organization\",\"name\":\"Escalante Centre Teatral\",\"alternateName\":\"Escalante Centre Teatral Val\u00e8ncia\",\"url\":\"https:\/\/escalantecentreteatral.dival.es\/val\/\",\"logo\":{\"@type\":\"ImageObject\",\"inLanguage\":\"ca\",\"@id\":\"https:\/\/escalantecentreteatral.dival.es\/val\/#\/schema\/logo\/image\/\",\"url\":\"https:\/\/escalantecentreteatral.dival.es\/wp-content\/uploads\/logo_ect-1.png\",\"contentUrl\":\"https:\/\/escalantecentreteatral.dival.es\/wp-content\/uploads\/logo_ect-1.png\",\"width\":1024,\"height\":292,\"caption\":\"Escalante Centre Teatral\"},\"image\":{\"@id\":\"https:\/\/escalantecentreteatral.dival.es\/val\/#\/schema\/logo\/image\/\"},\"sameAs\":[\"https:\/\/www.facebook.com\/EscalanteTeatre\",\"https:\/\/twitter.com\/TeatreEscalante\",\"https:\/\/www.instagram.com\/centre_escalante\/\",\"https:\/\/www.youtube.com\/channel\/UCaXtimrtZ6eLZKN2qPgPa3g\"]},{\"@type\":\"Person\",\"@id\":\"https:\/\/escalantecentreteatral.dival.es\/val\/#\/schema\/person\/e7a74ffe050067e88dd3c685e2898942\",\"name\":\"SECT_admin\",\"image\":{\"@type\":\"ImageObject\",\"inLanguage\":\"ca\",\"@id\":\"https:\/\/escalantecentreteatral.dival.es\/val\/#\/schema\/person\/image\/\",\"url\":\"https:\/\/secure.gravatar.com\/avatar\/b3f00e4e9a05e91009cfc6fe1ac86c74?s=96&d=mm&r=g\",\"contentUrl\":\"https:\/\/secure.gravatar.com\/avatar\/b3f00e4e9a05e91009cfc6fe1ac86c74?s=96&d=mm&r=g\",\"caption\":\"SECT_admin\"},\"url\":\"https:\/\/escalantecentreteatral.dival.es\/val\/author\/sect_admin\"}]}<\/script>\n<!-- \/ Yoast SEO plugin. -->","yoast_head_json":{"title":"La Diputaci\u00f3 convoca la plaza de coordinaci\u00f3n art\u00edstica del Teatro Escalante - Escalante Centre Teatral","robots":{"index":"index","follow":"follow","max-snippet":"max-snippet:-1","max-image-preview":"max-image-preview:large","max-video-preview":"max-video-preview:-1"},"canonical":"https:\/\/escalantecentreteatral.dival.es\/ect_noticies\/la-diputacio-convoca-la-plaza-de-coordinacion-artistica-del-teatro-escalante","og_locale":"ca_ES","og_type":"article","og_title":"La Diputaci\u00f3 convoca la plaza de coordinaci\u00f3n art\u00edstica del Teatro Escalante - Escalante Centre Teatral","og_description":"El pasado 9 de julio la Diputaci\u00f3 de Val\u00e8ncia publicaba el acuerdo de pleno de 23 de junio de 2020 de modificaci\u00f3n de diversos puestos incluidos en la RPT, Relaci\u00f3n de Puestos de Trabajo de la corporaci\u00f3n provincial. De este modo se aprobaba la creaci\u00f3n del puesto de Coordinador Art\u00edstico de Teatres con clasificaci\u00f3n A1, [&hellip;]","og_url":"https:\/\/escalantecentreteatral.dival.es\/ect_noticies\/la-diputacio-convoca-la-plaza-de-coordinacion-artistica-del-teatro-escalante","og_site_name":"Escalante Centre Teatral","article_publisher":"https:\/\/www.facebook.com\/EscalanteTeatre","article_published_time":"2020-08-06T15:26:14+00:00","article_modified_time":"2020-08-06T15:27:24+00:00","og_image":[{"width":1024,"height":492,"url":"https:\/\/escalantecentreteatral.dival.es\/wp-content\/uploads\/ciclo_menut-2.jpg","type":"image\/jpeg"}],"author":"SECT_admin","twitter_card":"summary_large_image","twitter_creator":"@TeatreEscalante","twitter_site":"@TeatreEscalante","twitter_misc":{"Written by":"SECT_admin","Est. reading time":"2 minutes"},"schema":{"@context":"https:\/\/schema.org","@graph":[{"@type":"Article","@id":"https:\/\/escalantecentreteatral.dival.es\/ect_noticies\/la-diputacio-convoca-la-plaza-de-coordinacion-artistica-del-teatro-escalante#article","isPartOf":{"@id":"https:\/\/escalantecentreteatral.dival.es\/ect_noticies\/la-diputacio-convoca-la-plaza-de-coordinacion-artistica-del-teatro-escalante"},"author":{"name":"SECT_admin","@id":"https:\/\/escalantecentreteatral.dival.es\/val\/#\/schema\/person\/e7a74ffe050067e88dd3c685e2898942"},"headline":"La Diputaci\u00f3 convoca la plaza de coordinaci\u00f3n art\u00edstica del Teatro Escalante","datePublished":"2020-08-06T15:26:14+00:00","dateModified":"2020-08-06T15:27:24+00:00","mainEntityOfPage":{"@id":"https:\/\/escalantecentreteatral.dival.es\/ect_noticies\/la-diputacio-convoca-la-plaza-de-coordinacion-artistica-del-teatro-escalante"},"wordCount":372,"commentCount":0,"publisher":{"@id":"https:\/\/escalantecentreteatral.dival.es\/val\/#organization"},"articleSection":["ECT"],"inLanguage":"ca","potentialAction":[{"@type":"CommentAction","name":"Comment","target":["https:\/\/escalantecentreteatral.dival.es\/ect_noticies\/la-diputacio-convoca-la-plaza-de-coordinacion-artistica-del-teatro-escalante#respond"]}]},{"@type":"WebPage","@id":"https:\/\/escalantecentreteatral.dival.es\/ect_noticies\/la-diputacio-convoca-la-plaza-de-coordinacion-artistica-del-teatro-escalante","url":"https:\/\/escalantecentreteatral.dival.es\/ect_noticies\/la-diputacio-convoca-la-plaza-de-coordinacion-artistica-del-teatro-escalante","name":"La Diputaci\u00f3 convoca la plaza de coordinaci\u00f3n art\u00edstica del Teatro Escalante - Escalante Centre Teatral","isPartOf":{"@id":"https:\/\/escalantecentreteatral.dival.es\/val\/#website"},"datePublished":"2020-08-06T15:26:14+00:00","dateModified":"2020-08-06T15:27:24+00:00","breadcrumb":{"@id":"https:\/\/escalantecentreteatral.dival.es\/ect_noticies\/la-diputacio-convoca-la-plaza-de-coordinacion-artistica-del-teatro-escalante#breadcrumb"},"inLanguage":"ca","potentialAction":[{"@type":"ReadAction","target":["https:\/\/escalantecentreteatral.dival.es\/ect_noticies\/la-diputacio-convoca-la-plaza-de-coordinacion-artistica-del-teatro-escalante"]}]},{"@type":"BreadcrumbList","@id":"https:\/\/escalantecentreteatral.dival.es\/ect_noticies\/la-diputacio-convoca-la-plaza-de-coordinacion-artistica-del-teatro-escalante#breadcrumb","itemListElement":[{"@type":"ListItem","position":1,"name":"Home","item":"https:\/\/escalantecentreteatral.dival.es\/val"},{"@type":"ListItem","position":2,"name":"La Diputaci\u00f3 convoca la plaza de coordinaci\u00f3n art\u00edstica del Teatro Escalante"}]},{"@type":"WebSite","@id":"https:\/\/escalantecentreteatral.dival.es\/val\/#website","url":"https:\/\/escalantecentreteatral.dival.es\/val\/","name":"Escalante Centre Teatral","description":"Valencia | espectaculos | musicales | artes escenicas.","publisher":{"@id":"https:\/\/escalantecentreteatral.dival.es\/val\/#organization"},"potentialAction":[{"@type":"SearchAction","target":{"@type":"EntryPoint","urlTemplate":"https:\/\/escalantecentreteatral.dival.es\/val\/?s={search_term_string}"},"query-input":"required name=search_term_string"}],"inLanguage":"ca"},{"@type":"Organization","@id":"https:\/\/escalantecentreteatral.dival.es\/val\/#organization","name":"Escalante Centre Teatral","alternateName":"Escalante Centre Teatral Val\u00e8ncia","url":"https:\/\/escalantecentreteatral.dival.es\/val\/","logo":{"@type":"ImageObject","inLanguage":"ca","@id":"https:\/\/escalantecentreteatral.dival.es\/val\/#\/schema\/logo\/image\/","url":"https:\/\/escalantecentreteatral.dival.es\/wp-content\/uploads\/logo_ect-1.png","contentUrl":"https:\/\/escalantecentreteatral.dival.es\/wp-content\/uploads\/logo_ect-1.png","width":1024,"height":292,"caption":"Escalante Centre Teatral"},"image":{"@id":"https:\/\/escalantecentreteatral.dival.es\/val\/#\/schema\/logo\/image\/"},"sameAs":["https:\/\/www.facebook.com\/EscalanteTeatre","https:\/\/twitter.com\/TeatreEscalante","https:\/\/www.instagram.com\/centre_escalante\/","https:\/\/www.youtube.com\/channel\/UCaXtimrtZ6eLZKN2qPgPa3g"]},{"@type":"Person","@id":"https:\/\/escalantecentreteatral.dival.es\/val\/#\/schema\/person\/e7a74ffe050067e88dd3c685e2898942","name":"SECT_admin","image":{"@type":"ImageObject","inLanguage":"ca","@id":"https:\/\/escalantecentreteatral.dival.es\/val\/#\/schema\/person\/image\/","url":"https:\/\/secure.gravatar.com\/avatar\/b3f00e4e9a05e91009cfc6fe1ac86c74?s=96&d=mm&r=g","contentUrl":"https:\/\/secure.gravatar.com\/avatar\/b3f00e4e9a05e91009cfc6fe1ac86c74?s=96&d=mm&r=g","caption":"SECT_admin"},"url":"https:\/\/escalantecentreteatral.dival.es\/val\/author\/sect_admin"}]}},"_links":{"self":[{"href":"https:\/\/escalantecentreteatral.dival.es\/val\/wp-json\/wp\/v2\/posts\/9351"}],"collection":[{"href":"https:\/\/escalantecentreteatral.dival.es\/val\/wp-json\/wp\/v2\/posts"}],"about":[{"href":"https:\/\/escalantecentreteatral.dival.es\/val\/wp-json\/wp\/v2\/types\/post"}],"author":[{"embeddable":true,"href":"https:\/\/escalantecentreteatral.dival.es\/val\/wp-json\/wp\/v2\/users\/1"}],"replies":[{"embeddable":true,"href":"https:\/\/escalantecentreteatral.dival.es\/val\/wp-json\/wp\/v2\/comments?post=9351"}],"version-history":[{"count":1,"href":"https:\/\/escalantecentreteatral.dival.es\/val\/wp-json\/wp\/v2\/posts\/9351\/revisions"}],"predecessor-version":[{"id":9352,"href":"https:\/\/escalantecentreteatral.dival.es\/val\/wp-json\/wp\/v2\/posts\/9351\/revisions\/9352"}],"wp:featuredmedia":[{"embeddable":true,"href":"https:\/\/escalantecentreteatral.dival.es\/val\/wp-json\/wp\/v2\/media\/9146"}],"wp:attachment":[{"href":"https:\/\/escalantecentreteatral.dival.es\/val\/wp-json\/wp\/v2\/media?parent=9351"}],"wp:term":[{"taxonomy":"category","embeddable":true,"href":"https:\/\/escalantecentreteatral.dival.es\/val\/wp-json\/wp\/v2\/categories?post=9351"},{"taxonomy":"post_tag","embeddable":true,"href":"https:\/\/escalantecentreteatral.dival.es\/val\/wp-json\/wp\/v2\/tags?post=9351"}],"curies":[{"name":"wp","href":"https:\/\/api.w.org\/{rel}","templated":true}]}}