{"id":8510,"date":"2020-05-04T09:41:53","date_gmt":"2020-05-04T07:41:53","guid":{"rendered":"https:\/\/escalantecentreteatral.dival.es\/ect-val\/convocatoria-imagen-grafica-temporada-2020-21-teatre-escalante"},"modified":"2020-05-05T19:48:12","modified_gmt":"2020-05-05T17:48:12","slug":"convocatoria-imagen-grafica-temporada-2020-21-teatre-escalante","status":"publish","type":"post","link":"https:\/\/escalantecentreteatral.dival.es\/val\/ect-val\/convocatoria-imagen-grafica-temporada-2020-21-teatre-escalante","title":{"rendered":"Crida a projecte imatge gr\u00e0fica temporada 2020-21 Teatre Escalante"},"content":{"rendered":"<p>El Teatre Escalante compta amb una amplia oferta de programaci\u00f3 que inclou produccions pr\u00f2pies, cicles i festivals.<\/p>\n<p>Per a la temporada 2020-21 volem obrir el proc\u00e9s de selecci\u00f3 per al desenvolupament de propostes de la imatge gr\u00e0fica d&#8217;eixa temporada, mitjan\u00e7ant la f\u00f3rmula crida a projecte.<\/p>\n<p>Per a aix\u00f2 necessitem un disenyador\/dissenyadora, i\/o empresa creativa que realitze tot el disseny de la temporada (imatge gr\u00e0fica, programes de m\u00e0, fullets de programaci\u00f3 anual, cartells, rollups, lones, i adaptacions per a premsa escrita i digital, xarxes socials, ..).<\/p>\n<p>En este sentit es planteja esta crida a projecte per a la recepci\u00f3 de portafoli representatiu del treball, a mes del curr\u00edculum professional de la persona, i\/o empresa creativa per a la seua valoraci\u00f3.\u00a0<\/p>\n<p><strong>Les candidatures es presentaran del 4 de maig al 12 de maig a les 18:00 hores. <\/strong><\/p>\n<p><a href=\"https:\/\/escalantecentreteatral.dival.es\/wp-content\/uploads\/crida_disseny_2020_es.pdf\">Crida a projecte.<\/a><\/p>\n","protected":false},"excerpt":{"rendered":"<p>El Teatre Escalante compta amb una amplia oferta de programaci\u00f3 que inclou produccions pr\u00f2pies, cicles i festivals. Per a la temporada 2020-21 volem obrir el proc\u00e9s de selecci\u00f3 per al desenvolupament de propostes de la imatge gr\u00e0fica d&#8217;eixa temporada, mitjan\u00e7ant la f\u00f3rmula crida a projecte. Per a aix\u00f2 necessitem un disenyador\/dissenyadora, i\/o empresa creativa que [&hellip;]<\/p>\n","protected":false},"author":1,"featured_media":8543,"comment_status":"open","ping_status":"open","sticky":false,"template":"","format":"standard","meta":{"inline_featured_image":false},"categories":[5],"tags":[],"acf":[],"yoast_head":"<!-- This site is optimized with the Yoast SEO plugin v21.1 - https:\/\/yoast.com\/wordpress\/plugins\/seo\/ -->\n<title>Crida a projecte imatge gr\u00e0fica temporada 2020-21 Teatre Escalante - Escalante Centre Teatral<\/title>\n<meta name=\"robots\" content=\"index, follow, max-snippet:-1, max-image-preview:large, max-video-preview:-1\" \/>\n<link rel=\"canonical\" href=\"https:\/\/escalantecentreteatral.dival.es\/ect_noticies\/convocatoria-imagen-grafica-temporada-2020-21-teatre-escalante\" \/>\n<meta property=\"og:locale\" content=\"ca_ES\" \/>\n<meta property=\"og:type\" content=\"article\" \/>\n<meta property=\"og:title\" content=\"Crida a projecte imatge gr\u00e0fica temporada 2020-21 Teatre Escalante - Escalante Centre Teatral\" \/>\n<meta property=\"og:description\" content=\"El Teatre Escalante compta amb una amplia oferta de programaci\u00f3 que inclou produccions pr\u00f2pies, cicles i festivals. Per a la temporada 2020-21 volem obrir el proc\u00e9s de selecci\u00f3 per al desenvolupament de propostes de la imatge gr\u00e0fica d&#8217;eixa temporada, mitjan\u00e7ant la f\u00f3rmula crida a projecte. Per a aix\u00f2 necessitem un disenyador\/dissenyadora, i\/o empresa creativa que [&hellip;]\" \/>\n<meta property=\"og:url\" content=\"https:\/\/escalantecentreteatral.dival.es\/ect_noticies\/convocatoria-imagen-grafica-temporada-2020-21-teatre-escalante\" \/>\n<meta property=\"og:site_name\" content=\"Escalante Centre Teatral\" \/>\n<meta property=\"article:publisher\" content=\"https:\/\/www.facebook.com\/EscalanteTeatre\" \/>\n<meta property=\"article:published_time\" content=\"2020-05-04T07:41:53+00:00\" \/>\n<meta property=\"article:modified_time\" content=\"2020-05-05T17:48:12+00:00\" \/>\n<meta property=\"og:image\" content=\"https:\/\/escalantecentreteatral.dival.es\/wp-content\/uploads\/llamada_proyecto_disseny_news_val.jpg\" \/>\n\t<meta property=\"og:image:width\" content=\"1024\" \/>\n\t<meta property=\"og:image:height\" content=\"492\" \/>\n\t<meta property=\"og:image:type\" content=\"image\/jpeg\" \/>\n<meta name=\"author\" content=\"SECT_admin\" \/>\n<meta name=\"twitter:card\" content=\"summary_large_image\" \/>\n<meta name=\"twitter:creator\" content=\"@TeatreEscalante\" \/>\n<meta name=\"twitter:site\" content=\"@TeatreEscalante\" \/>\n<meta name=\"twitter:label1\" content=\"Written by\" \/>\n\t<meta name=\"twitter:data1\" content=\"SECT_admin\" \/>\n\t<meta name=\"twitter:label2\" content=\"Est. reading time\" \/>\n\t<meta name=\"twitter:data2\" content=\"1 minute\" \/>\n<script type=\"application\/ld+json\" class=\"yoast-schema-graph\">{\"@context\":\"https:\/\/schema.org\",\"@graph\":[{\"@type\":\"Article\",\"@id\":\"https:\/\/escalantecentreteatral.dival.es\/ect_noticies\/convocatoria-imagen-grafica-temporada-2020-21-teatre-escalante#article\",\"isPartOf\":{\"@id\":\"https:\/\/escalantecentreteatral.dival.es\/ect_noticies\/convocatoria-imagen-grafica-temporada-2020-21-teatre-escalante\"},\"author\":{\"name\":\"SECT_admin\",\"@id\":\"https:\/\/escalantecentreteatral.dival.es\/val\/#\/schema\/person\/e7a74ffe050067e88dd3c685e2898942\"},\"headline\":\"Crida a projecte imatge gr\u00e0fica temporada 2020-21 Teatre Escalante\",\"datePublished\":\"2020-05-04T07:41:53+00:00\",\"dateModified\":\"2020-05-05T17:48:12+00:00\",\"mainEntityOfPage\":{\"@id\":\"https:\/\/escalantecentreteatral.dival.es\/ect_noticies\/convocatoria-imagen-grafica-temporada-2020-21-teatre-escalante\"},\"wordCount\":155,\"commentCount\":0,\"publisher\":{\"@id\":\"https:\/\/escalantecentreteatral.dival.es\/val\/#organization\"},\"articleSection\":[\"ECT\"],\"inLanguage\":\"ca\",\"potentialAction\":[{\"@type\":\"CommentAction\",\"name\":\"Comment\",\"target\":[\"https:\/\/escalantecentreteatral.dival.es\/ect_noticies\/convocatoria-imagen-grafica-temporada-2020-21-teatre-escalante#respond\"]}]},{\"@type\":\"WebPage\",\"@id\":\"https:\/\/escalantecentreteatral.dival.es\/ect_noticies\/convocatoria-imagen-grafica-temporada-2020-21-teatre-escalante\",\"url\":\"https:\/\/escalantecentreteatral.dival.es\/ect_noticies\/convocatoria-imagen-grafica-temporada-2020-21-teatre-escalante\",\"name\":\"Crida a projecte imatge gr\u00e0fica temporada 2020-21 Teatre Escalante - Escalante Centre Teatral\",\"isPartOf\":{\"@id\":\"https:\/\/escalantecentreteatral.dival.es\/val\/#website\"},\"datePublished\":\"2020-05-04T07:41:53+00:00\",\"dateModified\":\"2020-05-05T17:48:12+00:00\",\"breadcrumb\":{\"@id\":\"https:\/\/escalantecentreteatral.dival.es\/ect_noticies\/convocatoria-imagen-grafica-temporada-2020-21-teatre-escalante#breadcrumb\"},\"inLanguage\":\"ca\",\"potentialAction\":[{\"@type\":\"ReadAction\",\"target\":[\"https:\/\/escalantecentreteatral.dival.es\/ect_noticies\/convocatoria-imagen-grafica-temporada-2020-21-teatre-escalante\"]}]},{\"@type\":\"BreadcrumbList\",\"@id\":\"https:\/\/escalantecentreteatral.dival.es\/ect_noticies\/convocatoria-imagen-grafica-temporada-2020-21-teatre-escalante#breadcrumb\",\"itemListElement\":[{\"@type\":\"ListItem\",\"position\":1,\"name\":\"Home\",\"item\":\"https:\/\/escalantecentreteatral.dival.es\/val\"},{\"@type\":\"ListItem\",\"position\":2,\"name\":\"Crida a projecte imatge gr\u00e0fica temporada 2020-21 Teatre Escalante\"}]},{\"@type\":\"WebSite\",\"@id\":\"https:\/\/escalantecentreteatral.dival.es\/val\/#website\",\"url\":\"https:\/\/escalantecentreteatral.dival.es\/val\/\",\"name\":\"Escalante Centre Teatral\",\"description\":\"Valencia | espectaculos | musicales | artes escenicas.\",\"publisher\":{\"@id\":\"https:\/\/escalantecentreteatral.dival.es\/val\/#organization\"},\"potentialAction\":[{\"@type\":\"SearchAction\",\"target\":{\"@type\":\"EntryPoint\",\"urlTemplate\":\"https:\/\/escalantecentreteatral.dival.es\/val\/?s={search_term_string}\"},\"query-input\":\"required name=search_term_string\"}],\"inLanguage\":\"ca\"},{\"@type\":\"Organization\",\"@id\":\"https:\/\/escalantecentreteatral.dival.es\/val\/#organization\",\"name\":\"Escalante Centre Teatral\",\"alternateName\":\"Escalante Centre Teatral Val\u00e8ncia\",\"url\":\"https:\/\/escalantecentreteatral.dival.es\/val\/\",\"logo\":{\"@type\":\"ImageObject\",\"inLanguage\":\"ca\",\"@id\":\"https:\/\/escalantecentreteatral.dival.es\/val\/#\/schema\/logo\/image\/\",\"url\":\"https:\/\/escalantecentreteatral.dival.es\/wp-content\/uploads\/logo_ect-1.png\",\"contentUrl\":\"https:\/\/escalantecentreteatral.dival.es\/wp-content\/uploads\/logo_ect-1.png\",\"width\":1024,\"height\":292,\"caption\":\"Escalante Centre Teatral\"},\"image\":{\"@id\":\"https:\/\/escalantecentreteatral.dival.es\/val\/#\/schema\/logo\/image\/\"},\"sameAs\":[\"https:\/\/www.facebook.com\/EscalanteTeatre\",\"https:\/\/twitter.com\/TeatreEscalante\",\"https:\/\/www.instagram.com\/centre_escalante\/\",\"https:\/\/www.youtube.com\/channel\/UCaXtimrtZ6eLZKN2qPgPa3g\"]},{\"@type\":\"Person\",\"@id\":\"https:\/\/escalantecentreteatral.dival.es\/val\/#\/schema\/person\/e7a74ffe050067e88dd3c685e2898942\",\"name\":\"SECT_admin\",\"image\":{\"@type\":\"ImageObject\",\"inLanguage\":\"ca\",\"@id\":\"https:\/\/escalantecentreteatral.dival.es\/val\/#\/schema\/person\/image\/\",\"url\":\"https:\/\/secure.gravatar.com\/avatar\/b3f00e4e9a05e91009cfc6fe1ac86c74?s=96&d=mm&r=g\",\"contentUrl\":\"https:\/\/secure.gravatar.com\/avatar\/b3f00e4e9a05e91009cfc6fe1ac86c74?s=96&d=mm&r=g\",\"caption\":\"SECT_admin\"},\"url\":\"https:\/\/escalantecentreteatral.dival.es\/val\/author\/sect_admin\"}]}<\/script>\n<!-- \/ Yoast SEO plugin. -->","yoast_head_json":{"title":"Crida a projecte imatge gr\u00e0fica temporada 2020-21 Teatre Escalante - Escalante Centre Teatral","robots":{"index":"index","follow":"follow","max-snippet":"max-snippet:-1","max-image-preview":"max-image-preview:large","max-video-preview":"max-video-preview:-1"},"canonical":"https:\/\/escalantecentreteatral.dival.es\/ect_noticies\/convocatoria-imagen-grafica-temporada-2020-21-teatre-escalante","og_locale":"ca_ES","og_type":"article","og_title":"Crida a projecte imatge gr\u00e0fica temporada 2020-21 Teatre Escalante - Escalante Centre Teatral","og_description":"El Teatre Escalante compta amb una amplia oferta de programaci\u00f3 que inclou produccions pr\u00f2pies, cicles i festivals. Per a la temporada 2020-21 volem obrir el proc\u00e9s de selecci\u00f3 per al desenvolupament de propostes de la imatge gr\u00e0fica d&#8217;eixa temporada, mitjan\u00e7ant la f\u00f3rmula crida a projecte. Per a aix\u00f2 necessitem un disenyador\/dissenyadora, i\/o empresa creativa que [&hellip;]","og_url":"https:\/\/escalantecentreteatral.dival.es\/ect_noticies\/convocatoria-imagen-grafica-temporada-2020-21-teatre-escalante","og_site_name":"Escalante Centre Teatral","article_publisher":"https:\/\/www.facebook.com\/EscalanteTeatre","article_published_time":"2020-05-04T07:41:53+00:00","article_modified_time":"2020-05-05T17:48:12+00:00","og_image":[{"width":1024,"height":492,"url":"https:\/\/escalantecentreteatral.dival.es\/wp-content\/uploads\/llamada_proyecto_disseny_news_val.jpg","type":"image\/jpeg"}],"author":"SECT_admin","twitter_card":"summary_large_image","twitter_creator":"@TeatreEscalante","twitter_site":"@TeatreEscalante","twitter_misc":{"Written by":"SECT_admin","Est. reading time":"1 minute"},"schema":{"@context":"https:\/\/schema.org","@graph":[{"@type":"Article","@id":"https:\/\/escalantecentreteatral.dival.es\/ect_noticies\/convocatoria-imagen-grafica-temporada-2020-21-teatre-escalante#article","isPartOf":{"@id":"https:\/\/escalantecentreteatral.dival.es\/ect_noticies\/convocatoria-imagen-grafica-temporada-2020-21-teatre-escalante"},"author":{"name":"SECT_admin","@id":"https:\/\/escalantecentreteatral.dival.es\/val\/#\/schema\/person\/e7a74ffe050067e88dd3c685e2898942"},"headline":"Crida a projecte imatge gr\u00e0fica temporada 2020-21 Teatre Escalante","datePublished":"2020-05-04T07:41:53+00:00","dateModified":"2020-05-05T17:48:12+00:00","mainEntityOfPage":{"@id":"https:\/\/escalantecentreteatral.dival.es\/ect_noticies\/convocatoria-imagen-grafica-temporada-2020-21-teatre-escalante"},"wordCount":155,"commentCount":0,"publisher":{"@id":"https:\/\/escalantecentreteatral.dival.es\/val\/#organization"},"articleSection":["ECT"],"inLanguage":"ca","potentialAction":[{"@type":"CommentAction","name":"Comment","target":["https:\/\/escalantecentreteatral.dival.es\/ect_noticies\/convocatoria-imagen-grafica-temporada-2020-21-teatre-escalante#respond"]}]},{"@type":"WebPage","@id":"https:\/\/escalantecentreteatral.dival.es\/ect_noticies\/convocatoria-imagen-grafica-temporada-2020-21-teatre-escalante","url":"https:\/\/escalantecentreteatral.dival.es\/ect_noticies\/convocatoria-imagen-grafica-temporada-2020-21-teatre-escalante","name":"Crida a projecte imatge gr\u00e0fica temporada 2020-21 Teatre Escalante - Escalante Centre Teatral","isPartOf":{"@id":"https:\/\/escalantecentreteatral.dival.es\/val\/#website"},"datePublished":"2020-05-04T07:41:53+00:00","dateModified":"2020-05-05T17:48:12+00:00","breadcrumb":{"@id":"https:\/\/escalantecentreteatral.dival.es\/ect_noticies\/convocatoria-imagen-grafica-temporada-2020-21-teatre-escalante#breadcrumb"},"inLanguage":"ca","potentialAction":[{"@type":"ReadAction","target":["https:\/\/escalantecentreteatral.dival.es\/ect_noticies\/convocatoria-imagen-grafica-temporada-2020-21-teatre-escalante"]}]},{"@type":"BreadcrumbList","@id":"https:\/\/escalantecentreteatral.dival.es\/ect_noticies\/convocatoria-imagen-grafica-temporada-2020-21-teatre-escalante#breadcrumb","itemListElement":[{"@type":"ListItem","position":1,"name":"Home","item":"https:\/\/escalantecentreteatral.dival.es\/val"},{"@type":"ListItem","position":2,"name":"Crida a projecte imatge gr\u00e0fica temporada 2020-21 Teatre Escalante"}]},{"@type":"WebSite","@id":"https:\/\/escalantecentreteatral.dival.es\/val\/#website","url":"https:\/\/escalantecentreteatral.dival.es\/val\/","name":"Escalante Centre Teatral","description":"Valencia | espectaculos | musicales | artes escenicas.","publisher":{"@id":"https:\/\/escalantecentreteatral.dival.es\/val\/#organization"},"potentialAction":[{"@type":"SearchAction","target":{"@type":"EntryPoint","urlTemplate":"https:\/\/escalantecentreteatral.dival.es\/val\/?s={search_term_string}"},"query-input":"required name=search_term_string"}],"inLanguage":"ca"},{"@type":"Organization","@id":"https:\/\/escalantecentreteatral.dival.es\/val\/#organization","name":"Escalante Centre Teatral","alternateName":"Escalante Centre Teatral Val\u00e8ncia","url":"https:\/\/escalantecentreteatral.dival.es\/val\/","logo":{"@type":"ImageObject","inLanguage":"ca","@id":"https:\/\/escalantecentreteatral.dival.es\/val\/#\/schema\/logo\/image\/","url":"https:\/\/escalantecentreteatral.dival.es\/wp-content\/uploads\/logo_ect-1.png","contentUrl":"https:\/\/escalantecentreteatral.dival.es\/wp-content\/uploads\/logo_ect-1.png","width":1024,"height":292,"caption":"Escalante Centre Teatral"},"image":{"@id":"https:\/\/escalantecentreteatral.dival.es\/val\/#\/schema\/logo\/image\/"},"sameAs":["https:\/\/www.facebook.com\/EscalanteTeatre","https:\/\/twitter.com\/TeatreEscalante","https:\/\/www.instagram.com\/centre_escalante\/","https:\/\/www.youtube.com\/channel\/UCaXtimrtZ6eLZKN2qPgPa3g"]},{"@type":"Person","@id":"https:\/\/escalantecentreteatral.dival.es\/val\/#\/schema\/person\/e7a74ffe050067e88dd3c685e2898942","name":"SECT_admin","image":{"@type":"ImageObject","inLanguage":"ca","@id":"https:\/\/escalantecentreteatral.dival.es\/val\/#\/schema\/person\/image\/","url":"https:\/\/secure.gravatar.com\/avatar\/b3f00e4e9a05e91009cfc6fe1ac86c74?s=96&d=mm&r=g","contentUrl":"https:\/\/secure.gravatar.com\/avatar\/b3f00e4e9a05e91009cfc6fe1ac86c74?s=96&d=mm&r=g","caption":"SECT_admin"},"url":"https:\/\/escalantecentreteatral.dival.es\/val\/author\/sect_admin"}]}},"_links":{"self":[{"href":"https:\/\/escalantecentreteatral.dival.es\/val\/wp-json\/wp\/v2\/posts\/8510"}],"collection":[{"href":"https:\/\/escalantecentreteatral.dival.es\/val\/wp-json\/wp\/v2\/posts"}],"about":[{"href":"https:\/\/escalantecentreteatral.dival.es\/val\/wp-json\/wp\/v2\/types\/post"}],"author":[{"embeddable":true,"href":"https:\/\/escalantecentreteatral.dival.es\/val\/wp-json\/wp\/v2\/users\/1"}],"replies":[{"embeddable":true,"href":"https:\/\/escalantecentreteatral.dival.es\/val\/wp-json\/wp\/v2\/comments?post=8510"}],"version-history":[{"count":6,"href":"https:\/\/escalantecentreteatral.dival.es\/val\/wp-json\/wp\/v2\/posts\/8510\/revisions"}],"predecessor-version":[{"id":8579,"href":"https:\/\/escalantecentreteatral.dival.es\/val\/wp-json\/wp\/v2\/posts\/8510\/revisions\/8579"}],"wp:featuredmedia":[{"embeddable":true,"href":"https:\/\/escalantecentreteatral.dival.es\/val\/wp-json\/wp\/v2\/media\/8543"}],"wp:attachment":[{"href":"https:\/\/escalantecentreteatral.dival.es\/val\/wp-json\/wp\/v2\/media?parent=8510"}],"wp:term":[{"taxonomy":"category","embeddable":true,"href":"https:\/\/escalantecentreteatral.dival.es\/val\/wp-json\/wp\/v2\/categories?post=8510"},{"taxonomy":"post_tag","embeddable":true,"href":"https:\/\/escalantecentreteatral.dival.es\/val\/wp-json\/wp\/v2\/tags?post=8510"}],"curies":[{"name":"wp","href":"https:\/\/api.w.org\/{rel}","templated":true}]}}