{"id":8391,"date":"2020-03-06T11:35:08","date_gmt":"2020-03-06T11:35:08","guid":{"rendered":"https:\/\/escalantecentreteatral.dival.es\/ect-val\/4-producciones-del-escalante-seleccionadas-para-los-premios-max"},"modified":"2020-03-11T11:41:24","modified_gmt":"2020-03-11T11:41:24","slug":"4-producciones-del-escalante-seleccionadas-para-los-premios-max","status":"publish","type":"post","link":"https:\/\/escalantecentreteatral.dival.es\/val\/ect-val\/4-producciones-del-escalante-seleccionadas-para-los-premios-max","title":{"rendered":"4 produccions de l\u2019Escalante seleccionades per als Premis Max"},"content":{"rendered":"<p style=\"background: white; margin: 4.5pt 0cm 4.5pt 0cm;\"><span style=\"color: #1c1e21;\">Estem d&#8217;enhorabona, 4 de les nostres produccions pr\u00f2pies han sigut seleccionades per als <strong>#PremiosMax:<\/strong><\/span><\/p>\n<p><img decoding=\"async\" loading=\"lazy\" class=\"alignnone size-medium wp-image-8388\" src=\"https:\/\/escalantecentreteatral.dival.es\/wp-content\/uploads\/Valenciana-700x419.jpg\" alt=\"\" width=\"700\" height=\"419\" srcset=\"https:\/\/escalantecentreteatral.dival.es\/wp-content\/uploads\/Valenciana-700x419.jpg 700w, https:\/\/escalantecentreteatral.dival.es\/wp-content\/uploads\/Valenciana-900x539.jpg 900w, https:\/\/escalantecentreteatral.dival.es\/wp-content\/uploads\/Valenciana-768x460.jpg 768w, https:\/\/escalantecentreteatral.dival.es\/wp-content\/uploads\/Valenciana-300x180.jpg 300w, https:\/\/escalantecentreteatral.dival.es\/wp-content\/uploads\/Valenciana.jpg 980w\" sizes=\"(max-width: 700px) 100vw, 700px\" \/><\/p>\n<p>&#8211;<strong>Les 7 difer\u00e8ncies,<\/strong> del Pont Flotant\u00a0(Millor Espectacle per a p\u00fablic infantil, juvenil i familiar- Millor autoria Teatral per a Pau Pons)<\/p>\n<p>&#8211;<strong>Yolo,<\/strong> de Lucas Escobedo (Millor Espectacle per a p\u00fablic infantil, juvenil i familiar &#8211; Millor composici\u00f3 Musical per a Raquel Molano)<\/p>\n<p>&#8211; <strong>Anna i la m\u00e0quina del temps<\/strong> (Millor Direcci\u00f3 Esc\u00e8nica per a Cristina Fern\u00e1ndez i al Millor Espai Esc\u00e8nic per a\u00a0<a href=\"https:\/\/www.facebook.com\/luis.crespo.35325?__tn__=K-R&amp;eid=ARCQMnSJkkkyahRbnzXuZ-2laoE6HwjVU7b2AXjT9bmLcotLrPQMRgB2VvUmuWgWeLjdT-J-pQuUenWP&amp;fref=mentions&amp;__xts__%5B0%5D=68.ARAWZzqVp_-HQKgqaE8wevrD7hwIne34OihRDkA-iQQwG-WXEavPEDt8DRU1KAgbmTskXdWrH2jup0ER734YrKpM6r1N0npV0fqEveTjrQhVZrsocQwrd83h7ot-b7DLXXfcObri3oFHUBMzNJAhd1LYsyO-sYGWxscEc4RoC-1K7UbfvlLbjQHPiobfIUz5cXdA-svjaQ1Z8EnBn8W3zGzBsdIqs17LEO3keU_iKNPOY9frvIZgjU-1OdEeUisTMFCUIRDMuVqX8n0pTcRZETEDBmwDwfJzlkcd30ELUP5LKGSr3qCKRq05laL5tIJPf6FRXdi1JQGqZ2nGcmt2ICsmlg\" data-hovercard=\"\/ajax\/hovercard\/user.php?id=1033883901&amp;extragetparams=%7B%22__tn__%22%3A%22%2CdK-R-R%22%2C%22eid%22%3A%22ARCQMnSJkkkyahRbnzXuZ-2laoE6HwjVU7b2AXjT9bmLcotLrPQMRgB2VvUmuWgWeLjdT-J-pQuUenWP%22%2C%22fref%22%3A%22mentions%22%7D\" data-hovercard-prefer-more-content-show=\"1\">Luis Crespo<\/a>)<\/p>\n<p><strong>-Valenciana,<\/strong>\u00a0<a href=\"https:\/\/www.facebook.com\/IVCArtsEsceniques\/?__tn__=K-R&amp;eid=ARAbAmngYz_-0OWE3Fkg7fE1pOKZ5p1rbhe-6BpyXQDmQBTr0yowGdoJd3UWCgMlVkjTKQaPdsspqQlW&amp;fref=mentions&amp;__xts__%5B0%5D=68.ARAWZzqVp_-HQKgqaE8wevrD7hwIne34OihRDkA-iQQwG-WXEavPEDt8DRU1KAgbmTskXdWrH2jup0ER734YrKpM6r1N0npV0fqEveTjrQhVZrsocQwrd83h7ot-b7DLXXfcObri3oFHUBMzNJAhd1LYsyO-sYGWxscEc4RoC-1K7UbfvlLbjQHPiobfIUz5cXdA-svjaQ1Z8EnBn8W3zGzBsdIqs17LEO3keU_iKNPOY9frvIZgjU-1OdEeUisTMFCUIRDMuVqX8n0pTcRZETEDBmwDwfJzlkcd30ELUP5LKGSr3qCKRq05laL5tIJPf6FRXdi1JQGqZ2nGcmt2ICsmlg\" data-hovercard=\"\/ajax\/hovercard\/page.php?id=240285436040398&amp;extragetparams=%7B%22__tn__%22%3A%22%2CdK-R-R%22%2C%22eid%22%3A%22ARAbAmngYz_-0OWE3Fkg7fE1pOKZ5p1rbhe-6BpyXQDmQBTr0yowGdoJd3UWCgMlVkjTKQaPdsspqQlW%22%2C%22fref%22%3A%22mentions%22%7D\" data-hovercard-prefer-more-content-show=\"1\">IVC Arts Esc\u00e8niques<\/a>\u00a0<a href=\"https:\/\/www.facebook.com\/Grec.Festival.Barcelona\/?__tn__=K-R&amp;eid=ARBxzYfqnnZ_Mty9zTrW_WmAc89Gb-UEwECwxodiR3WdugdKNzQhlgJt97-vdT0La-dM6wU-X6CLeEkg&amp;fref=mentions&amp;__xts__%5B0%5D=68.ARAWZzqVp_-HQKgqaE8wevrD7hwIne34OihRDkA-iQQwG-WXEavPEDt8DRU1KAgbmTskXdWrH2jup0ER734YrKpM6r1N0npV0fqEveTjrQhVZrsocQwrd83h7ot-b7DLXXfcObri3oFHUBMzNJAhd1LYsyO-sYGWxscEc4RoC-1K7UbfvlLbjQHPiobfIUz5cXdA-svjaQ1Z8EnBn8W3zGzBsdIqs17LEO3keU_iKNPOY9frvIZgjU-1OdEeUisTMFCUIRDMuVqX8n0pTcRZETEDBmwDwfJzlkcd30ELUP5LKGSr3qCKRq05laL5tIJPf6FRXdi1JQGqZ2nGcmt2ICsmlg\" data-hovercard=\"\/ajax\/hovercard\/page.php?id=84891846875&amp;extragetparams=%7B%22__tn__%22%3A%22%2CdK-R-R%22%2C%22eid%22%3A%22ARBxzYfqnnZ_Mty9zTrW_WmAc89Gb-UEwECwxodiR3WdugdKNzQhlgJt97-vdT0La-dM6wU-X6CLeEkg%22%2C%22fref%22%3A%22mentions%22%7D\" data-hovercard-prefer-more-content-show=\"1\">Grec Festival de Barcelona<\/a>\u00a0(Millor Espectacle de Teatre- Millor Autoria Teatral i Millor direcci\u00f3 Esc\u00e8nica per a Jordi Casanovas- Millor Espai Esc\u00e8nic i Millor Il.luminaci\u00f3 per a Mar\u00eda de la C\u00e1mara i Gabriel Par\u00e9 \u2013Millor Actriu protagonista per a Vanessa Cano).<\/p>\n<p><strong>\u00a0<\/strong><\/p>\n","protected":false},"excerpt":{"rendered":"<p>Estem d&#8217;enhorabona, 4 de les nostres produccions pr\u00f2pies han sigut seleccionades per als #PremiosMax: &#8211;Les 7 difer\u00e8ncies, del Pont Flotant\u00a0(Millor Espectacle per a p\u00fablic infantil, juvenil i familiar- Millor autoria Teatral per a Pau Pons) &#8211;Yolo, de Lucas Escobedo (Millor Espectacle per a p\u00fablic infantil, juvenil i familiar &#8211; Millor composici\u00f3 Musical per a Raquel [&hellip;]<\/p>\n","protected":false},"author":11,"featured_media":8387,"comment_status":"open","ping_status":"open","sticky":false,"template":"","format":"standard","meta":{"inline_featured_image":false},"categories":[5],"tags":[],"acf":[],"yoast_head":"<!-- This site is optimized with the Yoast SEO plugin v21.1 - https:\/\/yoast.com\/wordpress\/plugins\/seo\/ -->\n<title>4 produccions de l\u2019Escalante seleccionades per als Premis Max - Escalante Centre Teatral<\/title>\n<meta name=\"robots\" content=\"index, follow, max-snippet:-1, max-image-preview:large, max-video-preview:-1\" \/>\n<link rel=\"canonical\" href=\"https:\/\/escalantecentreteatral.dival.es\/ect_noticies\/4-producciones-del-escalante-seleccionadas-para-los-premios-max\" \/>\n<meta property=\"og:locale\" content=\"ca_ES\" \/>\n<meta property=\"og:type\" content=\"article\" \/>\n<meta property=\"og:title\" content=\"4 produccions de l\u2019Escalante seleccionades per als Premis Max - Escalante Centre Teatral\" \/>\n<meta property=\"og:description\" content=\"Estem d&#8217;enhorabona, 4 de les nostres produccions pr\u00f2pies han sigut seleccionades per als #PremiosMax: &#8211;Les 7 difer\u00e8ncies, del Pont Flotant\u00a0(Millor Espectacle per a p\u00fablic infantil, juvenil i familiar- Millor autoria Teatral per a Pau Pons) &#8211;Yolo, de Lucas Escobedo (Millor Espectacle per a p\u00fablic infantil, juvenil i familiar &#8211; Millor composici\u00f3 Musical per a Raquel [&hellip;]\" \/>\n<meta property=\"og:url\" content=\"https:\/\/escalantecentreteatral.dival.es\/ect_noticies\/4-producciones-del-escalante-seleccionadas-para-los-premios-max\" \/>\n<meta property=\"og:site_name\" content=\"Escalante Centre Teatral\" \/>\n<meta property=\"article:publisher\" content=\"https:\/\/www.facebook.com\/EscalanteTeatre\" \/>\n<meta property=\"article:published_time\" content=\"2020-03-06T11:35:08+00:00\" \/>\n<meta property=\"article:modified_time\" content=\"2020-03-11T11:41:24+00:00\" \/>\n<meta property=\"og:image\" content=\"https:\/\/escalantecentreteatral.dival.es\/wp-content\/uploads\/Les-7-diferencies.jpg\" \/>\n\t<meta property=\"og:image:width\" content=\"854\" \/>\n\t<meta property=\"og:image:height\" content=\"439\" \/>\n\t<meta property=\"og:image:type\" content=\"image\/jpeg\" \/>\n<meta name=\"author\" content=\"B\u00e1rbara Trillo\" \/>\n<meta name=\"twitter:card\" content=\"summary_large_image\" \/>\n<meta name=\"twitter:creator\" content=\"@TeatreEscalante\" \/>\n<meta name=\"twitter:site\" content=\"@TeatreEscalante\" \/>\n<meta name=\"twitter:label1\" content=\"Written by\" \/>\n\t<meta name=\"twitter:data1\" content=\"B\u00e1rbara Trillo\" \/>\n\t<meta name=\"twitter:label2\" content=\"Est. reading time\" \/>\n\t<meta name=\"twitter:data2\" content=\"1 minute\" \/>\n<script type=\"application\/ld+json\" class=\"yoast-schema-graph\">{\"@context\":\"https:\/\/schema.org\",\"@graph\":[{\"@type\":\"Article\",\"@id\":\"https:\/\/escalantecentreteatral.dival.es\/ect_noticies\/4-producciones-del-escalante-seleccionadas-para-los-premios-max#article\",\"isPartOf\":{\"@id\":\"https:\/\/escalantecentreteatral.dival.es\/ect_noticies\/4-producciones-del-escalante-seleccionadas-para-los-premios-max\"},\"author\":{\"name\":\"B\u00e1rbara Trillo\",\"@id\":\"https:\/\/escalantecentreteatral.dival.es\/val\/#\/schema\/person\/c8947f00c7319c0b4abf7d2c96ba1b96\"},\"headline\":\"4 produccions de l\u2019Escalante seleccionades per als Premis Max\",\"datePublished\":\"2020-03-06T11:35:08+00:00\",\"dateModified\":\"2020-03-11T11:41:24+00:00\",\"mainEntityOfPage\":{\"@id\":\"https:\/\/escalantecentreteatral.dival.es\/ect_noticies\/4-producciones-del-escalante-seleccionadas-para-los-premios-max\"},\"wordCount\":147,\"commentCount\":0,\"publisher\":{\"@id\":\"https:\/\/escalantecentreteatral.dival.es\/val\/#organization\"},\"articleSection\":[\"ECT\"],\"inLanguage\":\"ca\",\"potentialAction\":[{\"@type\":\"CommentAction\",\"name\":\"Comment\",\"target\":[\"https:\/\/escalantecentreteatral.dival.es\/ect_noticies\/4-producciones-del-escalante-seleccionadas-para-los-premios-max#respond\"]}]},{\"@type\":\"WebPage\",\"@id\":\"https:\/\/escalantecentreteatral.dival.es\/ect_noticies\/4-producciones-del-escalante-seleccionadas-para-los-premios-max\",\"url\":\"https:\/\/escalantecentreteatral.dival.es\/ect_noticies\/4-producciones-del-escalante-seleccionadas-para-los-premios-max\",\"name\":\"4 produccions de l\u2019Escalante seleccionades per als Premis Max - Escalante Centre Teatral\",\"isPartOf\":{\"@id\":\"https:\/\/escalantecentreteatral.dival.es\/val\/#website\"},\"datePublished\":\"2020-03-06T11:35:08+00:00\",\"dateModified\":\"2020-03-11T11:41:24+00:00\",\"breadcrumb\":{\"@id\":\"https:\/\/escalantecentreteatral.dival.es\/ect_noticies\/4-producciones-del-escalante-seleccionadas-para-los-premios-max#breadcrumb\"},\"inLanguage\":\"ca\",\"potentialAction\":[{\"@type\":\"ReadAction\",\"target\":[\"https:\/\/escalantecentreteatral.dival.es\/ect_noticies\/4-producciones-del-escalante-seleccionadas-para-los-premios-max\"]}]},{\"@type\":\"BreadcrumbList\",\"@id\":\"https:\/\/escalantecentreteatral.dival.es\/ect_noticies\/4-producciones-del-escalante-seleccionadas-para-los-premios-max#breadcrumb\",\"itemListElement\":[{\"@type\":\"ListItem\",\"position\":1,\"name\":\"Home\",\"item\":\"https:\/\/escalantecentreteatral.dival.es\/val\"},{\"@type\":\"ListItem\",\"position\":2,\"name\":\"4 produccions de l\u2019Escalante seleccionades per als Premis Max\"}]},{\"@type\":\"WebSite\",\"@id\":\"https:\/\/escalantecentreteatral.dival.es\/val\/#website\",\"url\":\"https:\/\/escalantecentreteatral.dival.es\/val\/\",\"name\":\"Escalante Centre Teatral\",\"description\":\"Valencia | espectaculos | musicales | artes escenicas.\",\"publisher\":{\"@id\":\"https:\/\/escalantecentreteatral.dival.es\/val\/#organization\"},\"potentialAction\":[{\"@type\":\"SearchAction\",\"target\":{\"@type\":\"EntryPoint\",\"urlTemplate\":\"https:\/\/escalantecentreteatral.dival.es\/val\/?s={search_term_string}\"},\"query-input\":\"required name=search_term_string\"}],\"inLanguage\":\"ca\"},{\"@type\":\"Organization\",\"@id\":\"https:\/\/escalantecentreteatral.dival.es\/val\/#organization\",\"name\":\"Escalante Centre Teatral\",\"alternateName\":\"Escalante Centre Teatral Val\u00e8ncia\",\"url\":\"https:\/\/escalantecentreteatral.dival.es\/val\/\",\"logo\":{\"@type\":\"ImageObject\",\"inLanguage\":\"ca\",\"@id\":\"https:\/\/escalantecentreteatral.dival.es\/val\/#\/schema\/logo\/image\/\",\"url\":\"https:\/\/escalantecentreteatral.dival.es\/wp-content\/uploads\/logo_ect-1.png\",\"contentUrl\":\"https:\/\/escalantecentreteatral.dival.es\/wp-content\/uploads\/logo_ect-1.png\",\"width\":1024,\"height\":292,\"caption\":\"Escalante Centre Teatral\"},\"image\":{\"@id\":\"https:\/\/escalantecentreteatral.dival.es\/val\/#\/schema\/logo\/image\/\"},\"sameAs\":[\"https:\/\/www.facebook.com\/EscalanteTeatre\",\"https:\/\/twitter.com\/TeatreEscalante\",\"https:\/\/www.instagram.com\/centre_escalante\/\",\"https:\/\/www.youtube.com\/channel\/UCaXtimrtZ6eLZKN2qPgPa3g\"]},{\"@type\":\"Person\",\"@id\":\"https:\/\/escalantecentreteatral.dival.es\/val\/#\/schema\/person\/c8947f00c7319c0b4abf7d2c96ba1b96\",\"name\":\"B\u00e1rbara Trillo\",\"image\":{\"@type\":\"ImageObject\",\"inLanguage\":\"ca\",\"@id\":\"https:\/\/escalantecentreteatral.dival.es\/val\/#\/schema\/person\/image\/\",\"url\":\"https:\/\/secure.gravatar.com\/avatar\/155b210217447cfafd113fe83b946a91?s=96&d=mm&r=g\",\"contentUrl\":\"https:\/\/secure.gravatar.com\/avatar\/155b210217447cfafd113fe83b946a91?s=96&d=mm&r=g\",\"caption\":\"B\u00e1rbara Trillo\"},\"url\":\"https:\/\/escalantecentreteatral.dival.es\/val\/author\/barbara-trillodival-es\"}]}<\/script>\n<!-- \/ Yoast SEO plugin. -->","yoast_head_json":{"title":"4 produccions de l\u2019Escalante seleccionades per als Premis Max - Escalante Centre Teatral","robots":{"index":"index","follow":"follow","max-snippet":"max-snippet:-1","max-image-preview":"max-image-preview:large","max-video-preview":"max-video-preview:-1"},"canonical":"https:\/\/escalantecentreteatral.dival.es\/ect_noticies\/4-producciones-del-escalante-seleccionadas-para-los-premios-max","og_locale":"ca_ES","og_type":"article","og_title":"4 produccions de l\u2019Escalante seleccionades per als Premis Max - Escalante Centre Teatral","og_description":"Estem d&#8217;enhorabona, 4 de les nostres produccions pr\u00f2pies han sigut seleccionades per als #PremiosMax: &#8211;Les 7 difer\u00e8ncies, del Pont Flotant\u00a0(Millor Espectacle per a p\u00fablic infantil, juvenil i familiar- Millor autoria Teatral per a Pau Pons) &#8211;Yolo, de Lucas Escobedo (Millor Espectacle per a p\u00fablic infantil, juvenil i familiar &#8211; Millor composici\u00f3 Musical per a Raquel [&hellip;]","og_url":"https:\/\/escalantecentreteatral.dival.es\/ect_noticies\/4-producciones-del-escalante-seleccionadas-para-los-premios-max","og_site_name":"Escalante Centre Teatral","article_publisher":"https:\/\/www.facebook.com\/EscalanteTeatre","article_published_time":"2020-03-06T11:35:08+00:00","article_modified_time":"2020-03-11T11:41:24+00:00","og_image":[{"width":854,"height":439,"url":"https:\/\/escalantecentreteatral.dival.es\/wp-content\/uploads\/Les-7-diferencies.jpg","type":"image\/jpeg"}],"author":"B\u00e1rbara Trillo","twitter_card":"summary_large_image","twitter_creator":"@TeatreEscalante","twitter_site":"@TeatreEscalante","twitter_misc":{"Written by":"B\u00e1rbara Trillo","Est. reading time":"1 minute"},"schema":{"@context":"https:\/\/schema.org","@graph":[{"@type":"Article","@id":"https:\/\/escalantecentreteatral.dival.es\/ect_noticies\/4-producciones-del-escalante-seleccionadas-para-los-premios-max#article","isPartOf":{"@id":"https:\/\/escalantecentreteatral.dival.es\/ect_noticies\/4-producciones-del-escalante-seleccionadas-para-los-premios-max"},"author":{"name":"B\u00e1rbara Trillo","@id":"https:\/\/escalantecentreteatral.dival.es\/val\/#\/schema\/person\/c8947f00c7319c0b4abf7d2c96ba1b96"},"headline":"4 produccions de l\u2019Escalante seleccionades per als Premis Max","datePublished":"2020-03-06T11:35:08+00:00","dateModified":"2020-03-11T11:41:24+00:00","mainEntityOfPage":{"@id":"https:\/\/escalantecentreteatral.dival.es\/ect_noticies\/4-producciones-del-escalante-seleccionadas-para-los-premios-max"},"wordCount":147,"commentCount":0,"publisher":{"@id":"https:\/\/escalantecentreteatral.dival.es\/val\/#organization"},"articleSection":["ECT"],"inLanguage":"ca","potentialAction":[{"@type":"CommentAction","name":"Comment","target":["https:\/\/escalantecentreteatral.dival.es\/ect_noticies\/4-producciones-del-escalante-seleccionadas-para-los-premios-max#respond"]}]},{"@type":"WebPage","@id":"https:\/\/escalantecentreteatral.dival.es\/ect_noticies\/4-producciones-del-escalante-seleccionadas-para-los-premios-max","url":"https:\/\/escalantecentreteatral.dival.es\/ect_noticies\/4-producciones-del-escalante-seleccionadas-para-los-premios-max","name":"4 produccions de l\u2019Escalante seleccionades per als Premis Max - Escalante Centre Teatral","isPartOf":{"@id":"https:\/\/escalantecentreteatral.dival.es\/val\/#website"},"datePublished":"2020-03-06T11:35:08+00:00","dateModified":"2020-03-11T11:41:24+00:00","breadcrumb":{"@id":"https:\/\/escalantecentreteatral.dival.es\/ect_noticies\/4-producciones-del-escalante-seleccionadas-para-los-premios-max#breadcrumb"},"inLanguage":"ca","potentialAction":[{"@type":"ReadAction","target":["https:\/\/escalantecentreteatral.dival.es\/ect_noticies\/4-producciones-del-escalante-seleccionadas-para-los-premios-max"]}]},{"@type":"BreadcrumbList","@id":"https:\/\/escalantecentreteatral.dival.es\/ect_noticies\/4-producciones-del-escalante-seleccionadas-para-los-premios-max#breadcrumb","itemListElement":[{"@type":"ListItem","position":1,"name":"Home","item":"https:\/\/escalantecentreteatral.dival.es\/val"},{"@type":"ListItem","position":2,"name":"4 produccions de l\u2019Escalante seleccionades per als Premis Max"}]},{"@type":"WebSite","@id":"https:\/\/escalantecentreteatral.dival.es\/val\/#website","url":"https:\/\/escalantecentreteatral.dival.es\/val\/","name":"Escalante Centre Teatral","description":"Valencia | espectaculos | musicales | artes escenicas.","publisher":{"@id":"https:\/\/escalantecentreteatral.dival.es\/val\/#organization"},"potentialAction":[{"@type":"SearchAction","target":{"@type":"EntryPoint","urlTemplate":"https:\/\/escalantecentreteatral.dival.es\/val\/?s={search_term_string}"},"query-input":"required name=search_term_string"}],"inLanguage":"ca"},{"@type":"Organization","@id":"https:\/\/escalantecentreteatral.dival.es\/val\/#organization","name":"Escalante Centre Teatral","alternateName":"Escalante Centre Teatral Val\u00e8ncia","url":"https:\/\/escalantecentreteatral.dival.es\/val\/","logo":{"@type":"ImageObject","inLanguage":"ca","@id":"https:\/\/escalantecentreteatral.dival.es\/val\/#\/schema\/logo\/image\/","url":"https:\/\/escalantecentreteatral.dival.es\/wp-content\/uploads\/logo_ect-1.png","contentUrl":"https:\/\/escalantecentreteatral.dival.es\/wp-content\/uploads\/logo_ect-1.png","width":1024,"height":292,"caption":"Escalante Centre Teatral"},"image":{"@id":"https:\/\/escalantecentreteatral.dival.es\/val\/#\/schema\/logo\/image\/"},"sameAs":["https:\/\/www.facebook.com\/EscalanteTeatre","https:\/\/twitter.com\/TeatreEscalante","https:\/\/www.instagram.com\/centre_escalante\/","https:\/\/www.youtube.com\/channel\/UCaXtimrtZ6eLZKN2qPgPa3g"]},{"@type":"Person","@id":"https:\/\/escalantecentreteatral.dival.es\/val\/#\/schema\/person\/c8947f00c7319c0b4abf7d2c96ba1b96","name":"B\u00e1rbara Trillo","image":{"@type":"ImageObject","inLanguage":"ca","@id":"https:\/\/escalantecentreteatral.dival.es\/val\/#\/schema\/person\/image\/","url":"https:\/\/secure.gravatar.com\/avatar\/155b210217447cfafd113fe83b946a91?s=96&d=mm&r=g","contentUrl":"https:\/\/secure.gravatar.com\/avatar\/155b210217447cfafd113fe83b946a91?s=96&d=mm&r=g","caption":"B\u00e1rbara Trillo"},"url":"https:\/\/escalantecentreteatral.dival.es\/val\/author\/barbara-trillodival-es"}]}},"_links":{"self":[{"href":"https:\/\/escalantecentreteatral.dival.es\/val\/wp-json\/wp\/v2\/posts\/8391"}],"collection":[{"href":"https:\/\/escalantecentreteatral.dival.es\/val\/wp-json\/wp\/v2\/posts"}],"about":[{"href":"https:\/\/escalantecentreteatral.dival.es\/val\/wp-json\/wp\/v2\/types\/post"}],"author":[{"embeddable":true,"href":"https:\/\/escalantecentreteatral.dival.es\/val\/wp-json\/wp\/v2\/users\/11"}],"replies":[{"embeddable":true,"href":"https:\/\/escalantecentreteatral.dival.es\/val\/wp-json\/wp\/v2\/comments?post=8391"}],"version-history":[{"count":3,"href":"https:\/\/escalantecentreteatral.dival.es\/val\/wp-json\/wp\/v2\/posts\/8391\/revisions"}],"predecessor-version":[{"id":8394,"href":"https:\/\/escalantecentreteatral.dival.es\/val\/wp-json\/wp\/v2\/posts\/8391\/revisions\/8394"}],"wp:featuredmedia":[{"embeddable":true,"href":"https:\/\/escalantecentreteatral.dival.es\/val\/wp-json\/wp\/v2\/media\/8387"}],"wp:attachment":[{"href":"https:\/\/escalantecentreteatral.dival.es\/val\/wp-json\/wp\/v2\/media?parent=8391"}],"wp:term":[{"taxonomy":"category","embeddable":true,"href":"https:\/\/escalantecentreteatral.dival.es\/val\/wp-json\/wp\/v2\/categories?post=8391"},{"taxonomy":"post_tag","embeddable":true,"href":"https:\/\/escalantecentreteatral.dival.es\/val\/wp-json\/wp\/v2\/tags?post=8391"}],"curies":[{"name":"wp","href":"https:\/\/api.w.org\/{rel}","templated":true}]}}