{"id":4973,"date":"2018-04-29T12:12:13","date_gmt":"2018-04-29T12:12:13","guid":{"rendered":"https:\/\/escalantecentreteatral.dival.es\/val\/?p=4973"},"modified":"2018-04-29T12:13:51","modified_gmt":"2018-04-29T12:13:51","slug":"el-teatre-escalante-sadhereix-a-la-programacio-de-russafa-escenica","status":"publish","type":"post","link":"https:\/\/escalantecentreteatral.dival.es\/val\/ect-val\/el-teatre-escalante-sadhereix-a-la-programacio-de-russafa-escenica","title":{"rendered":"El Teatre Escalante s&#8217;adhereix a la programaci\u00f3 de Russafa Esc\u00e8nica"},"content":{"rendered":"<p>La gran novetat de la huitena edici\u00f3 del festival d&#8217;arts esc\u00e8niques de Val\u00e8ncia <strong>Russafa Esc\u00e8nica<\/strong>, programat entre el 20 de setembre i el 7 d&#8217;octubre, ser\u00e0 la seua eixida del barri a trav\u00e9s d&#8217;una programaci\u00f3 m\u00e9s oberta i innovadora englobada sota el nom <strong>Russafa OUT<\/strong>. Aquest nou apartat incorpora programaci\u00f3 infantil i compta amb la col\u00b7laboraci\u00f3 del Teatre Escalante.<\/p>\n<p>El director art\u00edstic del centre teatral de la Diputaci\u00f3 de Val\u00e8ncia, <strong>Josep Policarpo<\/strong>, ha valorat positivament aquesta nova etapa de Russafa Esc\u00e8nica i s&#8217;ha referit al projecte com un \u201celement de cohesi\u00f3 per a la ciutadania on tenen cabuda noves expressions\u201d.<\/p>\n<p>&nbsp;<\/p>\n<figure id=\"attachment_4966\" aria-describedby=\"caption-attachment-4966\" style=\"width: 700px\" class=\"wp-caption alignnone\"><img decoding=\"async\" loading=\"lazy\" class=\"size-medium wp-image-4966\" src=\"https:\/\/escalantecentreteatral.dival.es\/wp-content\/uploads\/russafaout1-700x485.jpg\" alt=\"\" width=\"700\" height=\"485\" srcset=\"https:\/\/escalantecentreteatral.dival.es\/wp-content\/uploads\/russafaout1-700x485.jpg 700w, https:\/\/escalantecentreteatral.dival.es\/wp-content\/uploads\/russafaout1-1280x886.jpg 1280w, https:\/\/escalantecentreteatral.dival.es\/wp-content\/uploads\/russafaout1-900x623.jpg 900w, https:\/\/escalantecentreteatral.dival.es\/wp-content\/uploads\/russafaout1-768x532.jpg 768w, https:\/\/escalantecentreteatral.dival.es\/wp-content\/uploads\/russafaout1-1536x1063.jpg 1536w, https:\/\/escalantecentreteatral.dival.es\/wp-content\/uploads\/russafaout1-2048x1418.jpg 2048w, https:\/\/escalantecentreteatral.dival.es\/wp-content\/uploads\/russafaout1-300x208.jpg 300w\" sizes=\"(max-width: 700px) 100vw, 700px\" \/><figcaption id=\"caption-attachment-4966\" class=\"wp-caption-text\">Josep Policarpo en la presentacio\u0301 de Russafa OUT.<\/figcaption><\/figure>\n<p>En el context del festival, els dies 1, 2 i 3 d&#8217;octubre, el Teatre Escalante ha programat en la <strong>Sala Matilde Salvador<\/strong> un espectacle de la companyia holandesa <a href=\"http:\/\/www.hobelasai.com\/\"><strong>Hobe Lasai<\/strong> <\/a>titulat <em>Lluna<\/em>. La proposta \u00e9s una coreografia infantil guiada per l&#8217;experi\u00e8ncia visual d&#8217;una gran tela blanca que es va transformant en escena i que \u00e9s alhora vestuari, personatge, escenografia i int\u00e8rpret.<\/p>\n<p>La dansa i la m\u00fasica s&#8217;uneixen en un muntatge que es basa en la idea de l&#8217;espai exterior i interior usant la tela com a nau per a conduir als xiquets i xiquetes en un divertit viatge en el qual la tela va transformant-se, i amb ella tot la resta, fins que el p\u00fablic acabe estant dins d&#8217;ella per a jugar lliurement per l&#8217;espai exterior.<\/p>\n<p><em>Lluna<\/em> porta associat un taller infantil en el qual, utilitzant escenes de la pe\u00e7a com a base, es generen jocs de moviment amb la tela, els instruments i el vestuari dels actors.<\/p>\n<p><img decoding=\"async\" loading=\"lazy\" class=\"alignnone size-full wp-image-4967\" src=\"https:\/\/escalantecentreteatral.dival.es\/wp-content\/uploads\/moon.png\" alt=\"\" width=\"670\" height=\"379\" srcset=\"https:\/\/escalantecentreteatral.dival.es\/wp-content\/uploads\/moon.png 670w, https:\/\/escalantecentreteatral.dival.es\/wp-content\/uploads\/moon-300x170.png 300w\" sizes=\"(max-width: 670px) 100vw, 670px\" \/><\/p>\n<p>&nbsp;<\/p>\n<p>L&#8217;obra est\u00e0 englobada dins del format Parcs de Russafa Esc\u00e8nica, que engloba sis propostes tant de sala com de carrer de companyies nacionals i internacionals de reconeguda qualitat i traject\u00f2ria que s&#8217;estrenaran a Val\u00e8ncia.<\/p>\n<p>La programaci\u00f3 de Russafa OUT i les propostes que acull cada espai poden consultar-se en la p\u00e0gina web del festival: <a href=\"http:\/\/www.russafaescenica.com\/programacion\/\">www.russafaescenica.com\/programacion\/<\/a><\/p>\n<p>&nbsp;<\/p>\n","protected":false},"excerpt":{"rendered":"<p>La gran novetat de la huitena edici\u00f3 del festival d&#8217;arts esc\u00e8niques de Val\u00e8ncia Russafa Esc\u00e8nica, programat entre el 20 de setembre i el 7 d&#8217;octubre, ser\u00e0 la seua eixida del barri a trav\u00e9s d&#8217;una programaci\u00f3 m\u00e9s oberta i innovadora englobada sota el nom Russafa OUT. Aquest nou apartat incorpora programaci\u00f3 infantil i compta amb la [&hellip;]<\/p>\n","protected":false},"author":11,"featured_media":4969,"comment_status":"open","ping_status":"open","sticky":false,"template":"","format":"standard","meta":{"inline_featured_image":false},"categories":[5],"tags":[115,162,132,114,163],"acf":[],"yoast_head":"<!-- This site is optimized with the Yoast SEO plugin v21.1 - https:\/\/yoast.com\/wordpress\/plugins\/seo\/ -->\n<title>El Teatre Escalante s&#039;adhereix a la programaci\u00f3 de Russafa Esc\u00e8nica - Escalante Centre Teatral<\/title>\n<meta name=\"robots\" content=\"index, follow, max-snippet:-1, max-image-preview:large, max-video-preview:-1\" \/>\n<link rel=\"canonical\" href=\"https:\/\/escalantecentreteatral.dival.es\/ect_noticies\/el-teatre-escalante-se-suma-a-la-programacion-de-russafa-escenica\" \/>\n<meta property=\"og:locale\" content=\"ca_ES\" \/>\n<meta property=\"og:type\" content=\"article\" \/>\n<meta property=\"og:title\" content=\"El Teatre Escalante s&#039;adhereix a la programaci\u00f3 de Russafa Esc\u00e8nica - Escalante Centre Teatral\" \/>\n<meta property=\"og:description\" content=\"La gran novetat de la huitena edici\u00f3 del festival d&#8217;arts esc\u00e8niques de Val\u00e8ncia Russafa Esc\u00e8nica, programat entre el 20 de setembre i el 7 d&#8217;octubre, ser\u00e0 la seua eixida del barri a trav\u00e9s d&#8217;una programaci\u00f3 m\u00e9s oberta i innovadora englobada sota el nom Russafa OUT. Aquest nou apartat incorpora programaci\u00f3 infantil i compta amb la [&hellip;]\" \/>\n<meta property=\"og:url\" content=\"https:\/\/escalantecentreteatral.dival.es\/ect_noticies\/el-teatre-escalante-se-suma-a-la-programacion-de-russafa-escenica\" \/>\n<meta property=\"og:site_name\" content=\"Escalante Centre Teatral\" \/>\n<meta property=\"article:publisher\" content=\"https:\/\/www.facebook.com\/EscalanteTeatre\" \/>\n<meta property=\"article:published_time\" content=\"2018-04-29T12:12:13+00:00\" \/>\n<meta property=\"article:modified_time\" content=\"2018-04-29T12:13:51+00:00\" \/>\n<meta property=\"og:image\" content=\"https:\/\/escalantecentreteatral.dival.es\/wp-content\/uploads\/russafaout_pano-e1525003058587.jpg\" \/>\n\t<meta property=\"og:image:width\" content=\"1024\" \/>\n\t<meta property=\"og:image:height\" content=\"709\" \/>\n\t<meta property=\"og:image:type\" content=\"image\/jpeg\" \/>\n<meta name=\"author\" content=\"B\u00e1rbara Trillo\" \/>\n<meta name=\"twitter:card\" content=\"summary_large_image\" \/>\n<meta name=\"twitter:creator\" content=\"@TeatreEscalante\" \/>\n<meta name=\"twitter:site\" content=\"@TeatreEscalante\" \/>\n<meta name=\"twitter:label1\" content=\"Written by\" \/>\n\t<meta name=\"twitter:data1\" content=\"B\u00e1rbara Trillo\" \/>\n\t<meta name=\"twitter:label2\" content=\"Est. reading time\" \/>\n\t<meta name=\"twitter:data2\" content=\"2 minutes\" \/>\n<script type=\"application\/ld+json\" class=\"yoast-schema-graph\">{\"@context\":\"https:\/\/schema.org\",\"@graph\":[{\"@type\":\"Article\",\"@id\":\"https:\/\/escalantecentreteatral.dival.es\/ect_noticies\/el-teatre-escalante-se-suma-a-la-programacion-de-russafa-escenica#article\",\"isPartOf\":{\"@id\":\"https:\/\/escalantecentreteatral.dival.es\/ect_noticies\/el-teatre-escalante-se-suma-a-la-programacion-de-russafa-escenica\"},\"author\":{\"name\":\"B\u00e1rbara Trillo\",\"@id\":\"https:\/\/escalantecentreteatral.dival.es\/val\/#\/schema\/person\/c8947f00c7319c0b4abf7d2c96ba1b96\"},\"headline\":\"El Teatre Escalante s&#8217;adhereix a la programaci\u00f3 de Russafa Esc\u00e8nica\",\"datePublished\":\"2018-04-29T12:12:13+00:00\",\"dateModified\":\"2018-04-29T12:13:51+00:00\",\"mainEntityOfPage\":{\"@id\":\"https:\/\/escalantecentreteatral.dival.es\/ect_noticies\/el-teatre-escalante-se-suma-a-la-programacion-de-russafa-escenica\"},\"wordCount\":372,\"commentCount\":0,\"publisher\":{\"@id\":\"https:\/\/escalantecentreteatral.dival.es\/val\/#organization\"},\"keywords\":[\"dansa infantil\",\"Hobe Lasai\",\"Russafa Esc\u00e8nica\",\"Russafa Out\",\"Sala Matilde Salvador\"],\"articleSection\":[\"ECT\"],\"inLanguage\":\"ca\",\"potentialAction\":[{\"@type\":\"CommentAction\",\"name\":\"Comment\",\"target\":[\"https:\/\/escalantecentreteatral.dival.es\/ect_noticies\/el-teatre-escalante-se-suma-a-la-programacion-de-russafa-escenica#respond\"]}]},{\"@type\":\"WebPage\",\"@id\":\"https:\/\/escalantecentreteatral.dival.es\/ect_noticies\/el-teatre-escalante-se-suma-a-la-programacion-de-russafa-escenica\",\"url\":\"https:\/\/escalantecentreteatral.dival.es\/ect_noticies\/el-teatre-escalante-se-suma-a-la-programacion-de-russafa-escenica\",\"name\":\"El Teatre Escalante s'adhereix a la programaci\u00f3 de Russafa Esc\u00e8nica - Escalante Centre Teatral\",\"isPartOf\":{\"@id\":\"https:\/\/escalantecentreteatral.dival.es\/val\/#website\"},\"datePublished\":\"2018-04-29T12:12:13+00:00\",\"dateModified\":\"2018-04-29T12:13:51+00:00\",\"breadcrumb\":{\"@id\":\"https:\/\/escalantecentreteatral.dival.es\/ect_noticies\/el-teatre-escalante-se-suma-a-la-programacion-de-russafa-escenica#breadcrumb\"},\"inLanguage\":\"ca\",\"potentialAction\":[{\"@type\":\"ReadAction\",\"target\":[\"https:\/\/escalantecentreteatral.dival.es\/ect_noticies\/el-teatre-escalante-se-suma-a-la-programacion-de-russafa-escenica\"]}]},{\"@type\":\"BreadcrumbList\",\"@id\":\"https:\/\/escalantecentreteatral.dival.es\/ect_noticies\/el-teatre-escalante-se-suma-a-la-programacion-de-russafa-escenica#breadcrumb\",\"itemListElement\":[{\"@type\":\"ListItem\",\"position\":1,\"name\":\"Home\",\"item\":\"https:\/\/escalantecentreteatral.dival.es\/val\"},{\"@type\":\"ListItem\",\"position\":2,\"name\":\"El Teatre Escalante s&#8217;adhereix a la programaci\u00f3 de Russafa Esc\u00e8nica\"}]},{\"@type\":\"WebSite\",\"@id\":\"https:\/\/escalantecentreteatral.dival.es\/val\/#website\",\"url\":\"https:\/\/escalantecentreteatral.dival.es\/val\/\",\"name\":\"Escalante Centre Teatral\",\"description\":\"Valencia | espectaculos | musicales | artes escenicas.\",\"publisher\":{\"@id\":\"https:\/\/escalantecentreteatral.dival.es\/val\/#organization\"},\"potentialAction\":[{\"@type\":\"SearchAction\",\"target\":{\"@type\":\"EntryPoint\",\"urlTemplate\":\"https:\/\/escalantecentreteatral.dival.es\/val\/?s={search_term_string}\"},\"query-input\":\"required name=search_term_string\"}],\"inLanguage\":\"ca\"},{\"@type\":\"Organization\",\"@id\":\"https:\/\/escalantecentreteatral.dival.es\/val\/#organization\",\"name\":\"Escalante Centre Teatral\",\"alternateName\":\"Escalante Centre Teatral Val\u00e8ncia\",\"url\":\"https:\/\/escalantecentreteatral.dival.es\/val\/\",\"logo\":{\"@type\":\"ImageObject\",\"inLanguage\":\"ca\",\"@id\":\"https:\/\/escalantecentreteatral.dival.es\/val\/#\/schema\/logo\/image\/\",\"url\":\"https:\/\/escalantecentreteatral.dival.es\/wp-content\/uploads\/logo_ect-1.png\",\"contentUrl\":\"https:\/\/escalantecentreteatral.dival.es\/wp-content\/uploads\/logo_ect-1.png\",\"width\":1024,\"height\":292,\"caption\":\"Escalante Centre Teatral\"},\"image\":{\"@id\":\"https:\/\/escalantecentreteatral.dival.es\/val\/#\/schema\/logo\/image\/\"},\"sameAs\":[\"https:\/\/www.facebook.com\/EscalanteTeatre\",\"https:\/\/twitter.com\/TeatreEscalante\",\"https:\/\/www.instagram.com\/centre_escalante\/\",\"https:\/\/www.youtube.com\/channel\/UCaXtimrtZ6eLZKN2qPgPa3g\"]},{\"@type\":\"Person\",\"@id\":\"https:\/\/escalantecentreteatral.dival.es\/val\/#\/schema\/person\/c8947f00c7319c0b4abf7d2c96ba1b96\",\"name\":\"B\u00e1rbara Trillo\",\"image\":{\"@type\":\"ImageObject\",\"inLanguage\":\"ca\",\"@id\":\"https:\/\/escalantecentreteatral.dival.es\/val\/#\/schema\/person\/image\/\",\"url\":\"https:\/\/secure.gravatar.com\/avatar\/155b210217447cfafd113fe83b946a91?s=96&d=mm&r=g\",\"contentUrl\":\"https:\/\/secure.gravatar.com\/avatar\/155b210217447cfafd113fe83b946a91?s=96&d=mm&r=g\",\"caption\":\"B\u00e1rbara Trillo\"},\"url\":\"https:\/\/escalantecentreteatral.dival.es\/val\/author\/barbara-trillodival-es\"}]}<\/script>\n<!-- \/ Yoast SEO plugin. -->","yoast_head_json":{"title":"El Teatre Escalante s'adhereix a la programaci\u00f3 de Russafa Esc\u00e8nica - Escalante Centre Teatral","robots":{"index":"index","follow":"follow","max-snippet":"max-snippet:-1","max-image-preview":"max-image-preview:large","max-video-preview":"max-video-preview:-1"},"canonical":"https:\/\/escalantecentreteatral.dival.es\/ect_noticies\/el-teatre-escalante-se-suma-a-la-programacion-de-russafa-escenica","og_locale":"ca_ES","og_type":"article","og_title":"El Teatre Escalante s'adhereix a la programaci\u00f3 de Russafa Esc\u00e8nica - Escalante Centre Teatral","og_description":"La gran novetat de la huitena edici\u00f3 del festival d&#8217;arts esc\u00e8niques de Val\u00e8ncia Russafa Esc\u00e8nica, programat entre el 20 de setembre i el 7 d&#8217;octubre, ser\u00e0 la seua eixida del barri a trav\u00e9s d&#8217;una programaci\u00f3 m\u00e9s oberta i innovadora englobada sota el nom Russafa OUT. Aquest nou apartat incorpora programaci\u00f3 infantil i compta amb la [&hellip;]","og_url":"https:\/\/escalantecentreteatral.dival.es\/ect_noticies\/el-teatre-escalante-se-suma-a-la-programacion-de-russafa-escenica","og_site_name":"Escalante Centre Teatral","article_publisher":"https:\/\/www.facebook.com\/EscalanteTeatre","article_published_time":"2018-04-29T12:12:13+00:00","article_modified_time":"2018-04-29T12:13:51+00:00","og_image":[{"width":1024,"height":709,"url":"https:\/\/escalantecentreteatral.dival.es\/wp-content\/uploads\/russafaout_pano-e1525003058587.jpg","type":"image\/jpeg"}],"author":"B\u00e1rbara Trillo","twitter_card":"summary_large_image","twitter_creator":"@TeatreEscalante","twitter_site":"@TeatreEscalante","twitter_misc":{"Written by":"B\u00e1rbara Trillo","Est. reading time":"2 minutes"},"schema":{"@context":"https:\/\/schema.org","@graph":[{"@type":"Article","@id":"https:\/\/escalantecentreteatral.dival.es\/ect_noticies\/el-teatre-escalante-se-suma-a-la-programacion-de-russafa-escenica#article","isPartOf":{"@id":"https:\/\/escalantecentreteatral.dival.es\/ect_noticies\/el-teatre-escalante-se-suma-a-la-programacion-de-russafa-escenica"},"author":{"name":"B\u00e1rbara Trillo","@id":"https:\/\/escalantecentreteatral.dival.es\/val\/#\/schema\/person\/c8947f00c7319c0b4abf7d2c96ba1b96"},"headline":"El Teatre Escalante s&#8217;adhereix a la programaci\u00f3 de Russafa Esc\u00e8nica","datePublished":"2018-04-29T12:12:13+00:00","dateModified":"2018-04-29T12:13:51+00:00","mainEntityOfPage":{"@id":"https:\/\/escalantecentreteatral.dival.es\/ect_noticies\/el-teatre-escalante-se-suma-a-la-programacion-de-russafa-escenica"},"wordCount":372,"commentCount":0,"publisher":{"@id":"https:\/\/escalantecentreteatral.dival.es\/val\/#organization"},"keywords":["dansa infantil","Hobe Lasai","Russafa Esc\u00e8nica","Russafa Out","Sala Matilde Salvador"],"articleSection":["ECT"],"inLanguage":"ca","potentialAction":[{"@type":"CommentAction","name":"Comment","target":["https:\/\/escalantecentreteatral.dival.es\/ect_noticies\/el-teatre-escalante-se-suma-a-la-programacion-de-russafa-escenica#respond"]}]},{"@type":"WebPage","@id":"https:\/\/escalantecentreteatral.dival.es\/ect_noticies\/el-teatre-escalante-se-suma-a-la-programacion-de-russafa-escenica","url":"https:\/\/escalantecentreteatral.dival.es\/ect_noticies\/el-teatre-escalante-se-suma-a-la-programacion-de-russafa-escenica","name":"El Teatre Escalante s'adhereix a la programaci\u00f3 de Russafa Esc\u00e8nica - Escalante Centre Teatral","isPartOf":{"@id":"https:\/\/escalantecentreteatral.dival.es\/val\/#website"},"datePublished":"2018-04-29T12:12:13+00:00","dateModified":"2018-04-29T12:13:51+00:00","breadcrumb":{"@id":"https:\/\/escalantecentreteatral.dival.es\/ect_noticies\/el-teatre-escalante-se-suma-a-la-programacion-de-russafa-escenica#breadcrumb"},"inLanguage":"ca","potentialAction":[{"@type":"ReadAction","target":["https:\/\/escalantecentreteatral.dival.es\/ect_noticies\/el-teatre-escalante-se-suma-a-la-programacion-de-russafa-escenica"]}]},{"@type":"BreadcrumbList","@id":"https:\/\/escalantecentreteatral.dival.es\/ect_noticies\/el-teatre-escalante-se-suma-a-la-programacion-de-russafa-escenica#breadcrumb","itemListElement":[{"@type":"ListItem","position":1,"name":"Home","item":"https:\/\/escalantecentreteatral.dival.es\/val"},{"@type":"ListItem","position":2,"name":"El Teatre Escalante s&#8217;adhereix a la programaci\u00f3 de Russafa Esc\u00e8nica"}]},{"@type":"WebSite","@id":"https:\/\/escalantecentreteatral.dival.es\/val\/#website","url":"https:\/\/escalantecentreteatral.dival.es\/val\/","name":"Escalante Centre Teatral","description":"Valencia | espectaculos | musicales | artes escenicas.","publisher":{"@id":"https:\/\/escalantecentreteatral.dival.es\/val\/#organization"},"potentialAction":[{"@type":"SearchAction","target":{"@type":"EntryPoint","urlTemplate":"https:\/\/escalantecentreteatral.dival.es\/val\/?s={search_term_string}"},"query-input":"required name=search_term_string"}],"inLanguage":"ca"},{"@type":"Organization","@id":"https:\/\/escalantecentreteatral.dival.es\/val\/#organization","name":"Escalante Centre Teatral","alternateName":"Escalante Centre Teatral Val\u00e8ncia","url":"https:\/\/escalantecentreteatral.dival.es\/val\/","logo":{"@type":"ImageObject","inLanguage":"ca","@id":"https:\/\/escalantecentreteatral.dival.es\/val\/#\/schema\/logo\/image\/","url":"https:\/\/escalantecentreteatral.dival.es\/wp-content\/uploads\/logo_ect-1.png","contentUrl":"https:\/\/escalantecentreteatral.dival.es\/wp-content\/uploads\/logo_ect-1.png","width":1024,"height":292,"caption":"Escalante Centre Teatral"},"image":{"@id":"https:\/\/escalantecentreteatral.dival.es\/val\/#\/schema\/logo\/image\/"},"sameAs":["https:\/\/www.facebook.com\/EscalanteTeatre","https:\/\/twitter.com\/TeatreEscalante","https:\/\/www.instagram.com\/centre_escalante\/","https:\/\/www.youtube.com\/channel\/UCaXtimrtZ6eLZKN2qPgPa3g"]},{"@type":"Person","@id":"https:\/\/escalantecentreteatral.dival.es\/val\/#\/schema\/person\/c8947f00c7319c0b4abf7d2c96ba1b96","name":"B\u00e1rbara Trillo","image":{"@type":"ImageObject","inLanguage":"ca","@id":"https:\/\/escalantecentreteatral.dival.es\/val\/#\/schema\/person\/image\/","url":"https:\/\/secure.gravatar.com\/avatar\/155b210217447cfafd113fe83b946a91?s=96&d=mm&r=g","contentUrl":"https:\/\/secure.gravatar.com\/avatar\/155b210217447cfafd113fe83b946a91?s=96&d=mm&r=g","caption":"B\u00e1rbara Trillo"},"url":"https:\/\/escalantecentreteatral.dival.es\/val\/author\/barbara-trillodival-es"}]}},"_links":{"self":[{"href":"https:\/\/escalantecentreteatral.dival.es\/val\/wp-json\/wp\/v2\/posts\/4973"}],"collection":[{"href":"https:\/\/escalantecentreteatral.dival.es\/val\/wp-json\/wp\/v2\/posts"}],"about":[{"href":"https:\/\/escalantecentreteatral.dival.es\/val\/wp-json\/wp\/v2\/types\/post"}],"author":[{"embeddable":true,"href":"https:\/\/escalantecentreteatral.dival.es\/val\/wp-json\/wp\/v2\/users\/11"}],"replies":[{"embeddable":true,"href":"https:\/\/escalantecentreteatral.dival.es\/val\/wp-json\/wp\/v2\/comments?post=4973"}],"version-history":[{"count":4,"href":"https:\/\/escalantecentreteatral.dival.es\/val\/wp-json\/wp\/v2\/posts\/4973\/revisions"}],"predecessor-version":[{"id":4977,"href":"https:\/\/escalantecentreteatral.dival.es\/val\/wp-json\/wp\/v2\/posts\/4973\/revisions\/4977"}],"wp:featuredmedia":[{"embeddable":true,"href":"https:\/\/escalantecentreteatral.dival.es\/val\/wp-json\/wp\/v2\/media\/4969"}],"wp:attachment":[{"href":"https:\/\/escalantecentreteatral.dival.es\/val\/wp-json\/wp\/v2\/media?parent=4973"}],"wp:term":[{"taxonomy":"category","embeddable":true,"href":"https:\/\/escalantecentreteatral.dival.es\/val\/wp-json\/wp\/v2\/categories?post=4973"},{"taxonomy":"post_tag","embeddable":true,"href":"https:\/\/escalantecentreteatral.dival.es\/val\/wp-json\/wp\/v2\/tags?post=4973"}],"curies":[{"name":"wp","href":"https:\/\/api.w.org\/{rel}","templated":true}]}}