{"id":4824,"date":"2018-03-07T15:07:45","date_gmt":"2018-03-07T15:07:45","guid":{"rendered":"https:\/\/escalantecentreteatral.dival.es\/val\/?p=4824"},"modified":"2018-03-07T15:07:45","modified_gmt":"2018-03-07T15:07:45","slug":"teatre-escalante-converteix-primer-teatre-infantil-adherir-se-la-carta-per-la-igualtat-genere","status":"publish","type":"post","link":"https:\/\/escalantecentreteatral.dival.es\/val\/ect-val\/teatre-escalante-converteix-primer-teatre-infantil-adherir-se-la-carta-per-la-igualtat-genere","title":{"rendered":"Teatre Escalante es converteix en el primer teatre infantil a adherir-se a la Carta per la igualtat de g\u00e8nere"},"content":{"rendered":"<p>El director art\u00edstic del Teatre Escalante, <strong>Josep Policarpo<\/strong>, i la secret\u00e0ria general de l&#8217;associaci\u00f3 <a href=\"http:\/\/www.clasicasymodernas.org\/\">Cl\u00e1sicas y Modernas<\/a>, <strong>Marina Gilabert<\/strong>, han signat aquest mat\u00ed l&#8217;adhesi\u00f3 del centre d&#8217;arts esc\u00e8niques de la <a href=\"http:\/\/www.dival.es\/es\/ficha\/area-inclusion-teatros-memoria\">Diputaci\u00f3 de Val\u00e8ncia<\/a> a les Temporades Igualtat.<\/p>\n<p>Amb aquest comprom\u00eds, el Teatre Escalante s&#8217;ha convertit en el primer teatre especialitzat en p\u00fablic infantil a adherir-se a una iniciativa a la qual ja s&#8217;han sumat 57 entitats p\u00fabliques espanyoles, entre elles, el <strong>Centre Dram\u00e0tic Nacional<\/strong> i el <strong>Festival de Teatre Cl\u00e0ssic d&#8217;Almagro<\/strong>.<\/p>\n<p>El Teatre Escalante ratifica aix\u00ed el seu suport a la participaci\u00f3 femenina en la producci\u00f3 i programaci\u00f3 d&#8217;espectacles per a xiquetes i xiquets. Tant sobre l&#8217;escenari, com en les \u00e0rees de producci\u00f3, difusi\u00f3, gesti\u00f3 i comunicaci\u00f3.<\/p>\n<p>\u201cEn el teatre infantil hi ha hagut molt treball per a fer evolucionar i eliminar els biaixos masclistes en els contes, on les xiquetes han ocupat posicions d&#8217;inferioritat i de subordinaci\u00f3, aix\u00ed que \u00e9s summament significatiu que el Teatre Escalante s\u2019unisca a les Temporades Igualtat\u201d, aplaudeix la vicepresidenta de Cl\u00e0ssiques i Modernes, <strong>Margarita Ram\u00f3n-Borja.<\/strong><\/p>\n<p>Les Temporades Igualtat aspiren a una cultura parit\u00e0ria i a un art esc\u00e8nic plural i inclusiu, d&#8217;acord amb la realitat democr\u00e0tica del nostre temps. L&#8217;objectiu que es pret\u00e9n \u00e9s facilitar des de la societat civil el compliment de la Llei Org\u00e0nica per a la Igualtat Efectiva de Dones i Homes de mar\u00e7 de 2007, aix\u00ed com les directrius europees de la Carta d&#8217;Igualtat d&#8217;Acc\u00e9s i Oportunitats de 2009.<\/p>\n<p>\u201cCom dem\u00e0 exercim el nostre dret a vaga, hui fem homenatge al Dia de la Dona amb aquest conveni que persegueix l&#8217;augment de la visibilitzaci\u00f3 de les dones en els espectacles programats i produ\u00efts pel centre cultural de la Diputaci\u00f3 de Val\u00e8ncia\u201d, ha assenyalat la delegada de Teatres, <strong>Rosa P\u00e9rez Garijo<\/strong>. Per la seua banda, la diputada ha recordat que sumar-se a aquesta iniciativa cerca \u201creafirmar el cam\u00ed cap a la paritat, que ja venim implementant des de fa temps\u201d.<\/p>\n<p><img decoding=\"async\" loading=\"lazy\" class=\"alignnone size-medium wp-image-4828\" src=\"https:\/\/escalantecentreteatral.dival.es\/wp-content\/uploads\/firma_convenio2-700x455.jpg\" alt=\"\" width=\"700\" height=\"455\" \/><\/p>\n<p><strong>La desigualtat en xifres<\/strong><\/p>\n<p>La gran desigualtat de g\u00e8nere existent en el sector de les arts esc\u00e8niques s&#8217;ha posat de manifest en la publicaci\u00f3 anual de l&#8217;estudi \u201cOn estan les dones?\u201d a c\u00e0rrec de la <a href=\"http:\/\/www5.sgae.es\/sitepages\/Programacion_Noticia.aspx?i=369&amp;s=4\"><strong>Fundaci\u00f3 Sgae<\/strong>.<\/a> Les conclusions de l&#8217;\u00faltima an\u00e0lisi publicada, la corresponent a la temporada 2015-2016, assenyalen que del total dels espectacles, tan sols el 18,4% dels textos eren d&#8217;autoria femenina, i el 17,3%, versionats, adaptats o amb dramat\u00fargia realitzada per dones. Les xifres milloraven quan l&#8217;estudi se centrava en l&#8217;autoria coreogr\u00e0fica, on el percentatge pujava al 44%.<\/p>\n<p>En termes de direcci\u00f3, els muntatges comandats per una director es limitaven a un 21,9%, i la direcci\u00f3 musical es va valorar en un 5,8%. De fet, l&#8217;\u00e0mbit musical \u00e9s el m\u00e9s castigat amb el desequilibri de g\u00e8nere, amb un 6,2% de partitures signades per compositores.<\/p>\n<p>Finalment, pel que fa al sostre de cristall en els llocs d&#8217;alta responsabilitat, els recintes esc\u00e8nics dirigits per dones aconsegueixen un nimi 20,8%.<\/p>\n<p><img decoding=\"async\" loading=\"lazy\" class=\"alignnone size-medium wp-image-4829\" src=\"https:\/\/escalantecentreteatral.dival.es\/wp-content\/uploads\/firma_convenio3-700x455.jpg\" alt=\"\" width=\"700\" height=\"455\" \/><\/p>\n<p><strong>Comprom\u00eds segellat<\/strong><\/p>\n<p>\u201cAquesta iniciativa ha vingut impulsada per la necessitat de treballar de forma activa per la igualtat. Les institucions p\u00fabliques hem de marcar el cam\u00ed i intentar que vagen sumant-se altres agents socials\u201d, ha argumentat el director.<\/p>\n<p>En el projecte que acompanyava la candidatura a coordinador art\u00edstic dels Teatres de la Diputaci\u00f3 de Val\u00e8ncia, Josep Policarpo ja parlava del model de teatre com a servei p\u00fablic. De resultes, l\u2019any passat es va fer un estudi contrastat de la pres\u00e8ncia de la dona en tots els camps d\u2019acci\u00f3 de les arts esc\u00e8niques. Les primeres conclusions es varen presentar a la Mostra d\u2019Alcoi i el prop\u00f2sit \u00e9s continuar fent-ho cada any.<\/p>\n<p>Entre les responsabilitats que ha assumit el teatre valenci\u00e0 es troben les de l&#8217;\u00fas d&#8217;un llenguatge inclusiu, encaminar-se cap a un equilibri en la programaci\u00f3 dels textos escrits per dones i per homes, permetre la igualtat d&#8217;acc\u00e9s per als llocs de responsabilitat tant a elles com a ells, vetlar per la igualtat salarial i el repartiment de les responsabilitats.<\/p>\n<p>\u201cEl teatre infantil \u00e9s un viver molt rellevant de canvi cultural, perqu\u00e8 proposa a les xiquetes i els xiquets un canvi d&#8217;estereotips en el protagonisme de la vida. Enhorabona al Teatre Escalante per impulsar aquesta transformaci\u00f3\u201d, reconeix Margarita Ram\u00f3n-Borja.<\/p>\n","protected":false},"excerpt":{"rendered":"<p>El director art\u00edstic del Teatre Escalante, Josep Policarpo, i la secret\u00e0ria general de l&#8217;associaci\u00f3 Cl\u00e1sicas y Modernas, Marina Gilabert, han signat aquest mat\u00ed l&#8217;adhesi\u00f3 del centre d&#8217;arts esc\u00e8niques de la Diputaci\u00f3 de Val\u00e8ncia a les Temporades Igualtat. Amb aquest comprom\u00eds, el Teatre Escalante s&#8217;ha convertit en el primer teatre especialitzat en p\u00fablic infantil a adherir-se [&hellip;]<\/p>\n","protected":false},"author":11,"featured_media":4827,"comment_status":"open","ping_status":"open","sticky":false,"template":"","format":"standard","meta":{"inline_featured_image":false},"categories":[5],"tags":[],"acf":[],"yoast_head":"<!-- This site is optimized with the Yoast SEO plugin v21.1 - https:\/\/yoast.com\/wordpress\/plugins\/seo\/ -->\n<title>Teatre Escalante es converteix en el primer teatre infantil a adherir-se a la Carta per la igualtat de g\u00e8nere - Escalante Centre Teatral<\/title>\n<meta name=\"robots\" content=\"index, follow, max-snippet:-1, max-image-preview:large, max-video-preview:-1\" \/>\n<link rel=\"canonical\" href=\"https:\/\/escalantecentreteatral.dival.es\/ect_noticies\/teatre-escalante-se-convierte-primer-teatro-infantil-adherirse-la-carta-la-igualdad-genero\" \/>\n<meta property=\"og:locale\" content=\"ca_ES\" \/>\n<meta property=\"og:type\" content=\"article\" \/>\n<meta property=\"og:title\" content=\"Teatre Escalante es converteix en el primer teatre infantil a adherir-se a la Carta per la igualtat de g\u00e8nere - Escalante Centre Teatral\" \/>\n<meta property=\"og:description\" content=\"El director art\u00edstic del Teatre Escalante, Josep Policarpo, i la secret\u00e0ria general de l&#8217;associaci\u00f3 Cl\u00e1sicas y Modernas, Marina Gilabert, han signat aquest mat\u00ed l&#8217;adhesi\u00f3 del centre d&#8217;arts esc\u00e8niques de la Diputaci\u00f3 de Val\u00e8ncia a les Temporades Igualtat. Amb aquest comprom\u00eds, el Teatre Escalante s&#8217;ha convertit en el primer teatre especialitzat en p\u00fablic infantil a adherir-se [&hellip;]\" \/>\n<meta property=\"og:url\" content=\"https:\/\/escalantecentreteatral.dival.es\/ect_noticies\/teatre-escalante-se-convierte-primer-teatro-infantil-adherirse-la-carta-la-igualdad-genero\" \/>\n<meta property=\"og:site_name\" content=\"Escalante Centre Teatral\" \/>\n<meta property=\"article:publisher\" content=\"https:\/\/www.facebook.com\/EscalanteTeatre\" \/>\n<meta property=\"article:published_time\" content=\"2018-03-07T15:07:45+00:00\" \/>\n<meta property=\"og:image\" content=\"https:\/\/escalantecentreteatral.dival.es\/wp-content\/uploads\/FirmaAbulaila1.jpg\" \/>\n\t<meta property=\"og:image:width\" content=\"2362\" \/>\n\t<meta property=\"og:image:height\" content=\"1535\" \/>\n\t<meta property=\"og:image:type\" content=\"image\/jpeg\" \/>\n<meta name=\"author\" content=\"B\u00e1rbara Trillo\" \/>\n<meta name=\"twitter:card\" content=\"summary_large_image\" \/>\n<meta name=\"twitter:creator\" content=\"@TeatreEscalante\" \/>\n<meta name=\"twitter:site\" content=\"@TeatreEscalante\" \/>\n<meta name=\"twitter:label1\" content=\"Written by\" \/>\n\t<meta name=\"twitter:data1\" content=\"B\u00e1rbara Trillo\" \/>\n\t<meta name=\"twitter:label2\" content=\"Est. reading time\" \/>\n\t<meta name=\"twitter:data2\" content=\"4 minutes\" \/>\n<script type=\"application\/ld+json\" class=\"yoast-schema-graph\">{\"@context\":\"https:\/\/schema.org\",\"@graph\":[{\"@type\":\"Article\",\"@id\":\"https:\/\/escalantecentreteatral.dival.es\/ect_noticies\/teatre-escalante-se-convierte-primer-teatro-infantil-adherirse-la-carta-la-igualdad-genero#article\",\"isPartOf\":{\"@id\":\"https:\/\/escalantecentreteatral.dival.es\/ect_noticies\/teatre-escalante-se-convierte-primer-teatro-infantil-adherirse-la-carta-la-igualdad-genero\"},\"author\":{\"name\":\"B\u00e1rbara Trillo\",\"@id\":\"https:\/\/escalantecentreteatral.dival.es\/val\/#\/schema\/person\/c8947f00c7319c0b4abf7d2c96ba1b96\"},\"headline\":\"Teatre Escalante es converteix en el primer teatre infantil a adherir-se a la Carta per la igualtat de g\u00e8nere\",\"datePublished\":\"2018-03-07T15:07:45+00:00\",\"dateModified\":\"2018-03-07T15:07:45+00:00\",\"mainEntityOfPage\":{\"@id\":\"https:\/\/escalantecentreteatral.dival.es\/ect_noticies\/teatre-escalante-se-convierte-primer-teatro-infantil-adherirse-la-carta-la-igualdad-genero\"},\"wordCount\":767,\"commentCount\":0,\"publisher\":{\"@id\":\"https:\/\/escalantecentreteatral.dival.es\/val\/#organization\"},\"articleSection\":[\"ECT\"],\"inLanguage\":\"ca\",\"potentialAction\":[{\"@type\":\"CommentAction\",\"name\":\"Comment\",\"target\":[\"https:\/\/escalantecentreteatral.dival.es\/ect_noticies\/teatre-escalante-se-convierte-primer-teatro-infantil-adherirse-la-carta-la-igualdad-genero#respond\"]}]},{\"@type\":\"WebPage\",\"@id\":\"https:\/\/escalantecentreteatral.dival.es\/ect_noticies\/teatre-escalante-se-convierte-primer-teatro-infantil-adherirse-la-carta-la-igualdad-genero\",\"url\":\"https:\/\/escalantecentreteatral.dival.es\/ect_noticies\/teatre-escalante-se-convierte-primer-teatro-infantil-adherirse-la-carta-la-igualdad-genero\",\"name\":\"Teatre Escalante es converteix en el primer teatre infantil a adherir-se a la Carta per la igualtat de g\u00e8nere - Escalante Centre Teatral\",\"isPartOf\":{\"@id\":\"https:\/\/escalantecentreteatral.dival.es\/val\/#website\"},\"datePublished\":\"2018-03-07T15:07:45+00:00\",\"dateModified\":\"2018-03-07T15:07:45+00:00\",\"breadcrumb\":{\"@id\":\"https:\/\/escalantecentreteatral.dival.es\/ect_noticies\/teatre-escalante-se-convierte-primer-teatro-infantil-adherirse-la-carta-la-igualdad-genero#breadcrumb\"},\"inLanguage\":\"ca\",\"potentialAction\":[{\"@type\":\"ReadAction\",\"target\":[\"https:\/\/escalantecentreteatral.dival.es\/ect_noticies\/teatre-escalante-se-convierte-primer-teatro-infantil-adherirse-la-carta-la-igualdad-genero\"]}]},{\"@type\":\"BreadcrumbList\",\"@id\":\"https:\/\/escalantecentreteatral.dival.es\/ect_noticies\/teatre-escalante-se-convierte-primer-teatro-infantil-adherirse-la-carta-la-igualdad-genero#breadcrumb\",\"itemListElement\":[{\"@type\":\"ListItem\",\"position\":1,\"name\":\"Home\",\"item\":\"https:\/\/escalantecentreteatral.dival.es\/val\"},{\"@type\":\"ListItem\",\"position\":2,\"name\":\"Teatre Escalante es converteix en el primer teatre infantil a adherir-se a la Carta per la igualtat de g\u00e8nere\"}]},{\"@type\":\"WebSite\",\"@id\":\"https:\/\/escalantecentreteatral.dival.es\/val\/#website\",\"url\":\"https:\/\/escalantecentreteatral.dival.es\/val\/\",\"name\":\"Escalante Centre Teatral\",\"description\":\"Valencia | espectaculos | musicales | artes escenicas.\",\"publisher\":{\"@id\":\"https:\/\/escalantecentreteatral.dival.es\/val\/#organization\"},\"potentialAction\":[{\"@type\":\"SearchAction\",\"target\":{\"@type\":\"EntryPoint\",\"urlTemplate\":\"https:\/\/escalantecentreteatral.dival.es\/val\/?s={search_term_string}\"},\"query-input\":\"required name=search_term_string\"}],\"inLanguage\":\"ca\"},{\"@type\":\"Organization\",\"@id\":\"https:\/\/escalantecentreteatral.dival.es\/val\/#organization\",\"name\":\"Escalante Centre Teatral\",\"alternateName\":\"Escalante Centre Teatral Val\u00e8ncia\",\"url\":\"https:\/\/escalantecentreteatral.dival.es\/val\/\",\"logo\":{\"@type\":\"ImageObject\",\"inLanguage\":\"ca\",\"@id\":\"https:\/\/escalantecentreteatral.dival.es\/val\/#\/schema\/logo\/image\/\",\"url\":\"https:\/\/escalantecentreteatral.dival.es\/wp-content\/uploads\/logo_ect-1.png\",\"contentUrl\":\"https:\/\/escalantecentreteatral.dival.es\/wp-content\/uploads\/logo_ect-1.png\",\"width\":1024,\"height\":292,\"caption\":\"Escalante Centre Teatral\"},\"image\":{\"@id\":\"https:\/\/escalantecentreteatral.dival.es\/val\/#\/schema\/logo\/image\/\"},\"sameAs\":[\"https:\/\/www.facebook.com\/EscalanteTeatre\",\"https:\/\/twitter.com\/TeatreEscalante\",\"https:\/\/www.instagram.com\/centre_escalante\/\",\"https:\/\/www.youtube.com\/channel\/UCaXtimrtZ6eLZKN2qPgPa3g\"]},{\"@type\":\"Person\",\"@id\":\"https:\/\/escalantecentreteatral.dival.es\/val\/#\/schema\/person\/c8947f00c7319c0b4abf7d2c96ba1b96\",\"name\":\"B\u00e1rbara Trillo\",\"image\":{\"@type\":\"ImageObject\",\"inLanguage\":\"ca\",\"@id\":\"https:\/\/escalantecentreteatral.dival.es\/val\/#\/schema\/person\/image\/\",\"url\":\"https:\/\/secure.gravatar.com\/avatar\/155b210217447cfafd113fe83b946a91?s=96&d=mm&r=g\",\"contentUrl\":\"https:\/\/secure.gravatar.com\/avatar\/155b210217447cfafd113fe83b946a91?s=96&d=mm&r=g\",\"caption\":\"B\u00e1rbara Trillo\"},\"url\":\"https:\/\/escalantecentreteatral.dival.es\/val\/author\/barbara-trillodival-es\"}]}<\/script>\n<!-- \/ Yoast SEO plugin. -->","yoast_head_json":{"title":"Teatre Escalante es converteix en el primer teatre infantil a adherir-se a la Carta per la igualtat de g\u00e8nere - Escalante Centre Teatral","robots":{"index":"index","follow":"follow","max-snippet":"max-snippet:-1","max-image-preview":"max-image-preview:large","max-video-preview":"max-video-preview:-1"},"canonical":"https:\/\/escalantecentreteatral.dival.es\/ect_noticies\/teatre-escalante-se-convierte-primer-teatro-infantil-adherirse-la-carta-la-igualdad-genero","og_locale":"ca_ES","og_type":"article","og_title":"Teatre Escalante es converteix en el primer teatre infantil a adherir-se a la Carta per la igualtat de g\u00e8nere - Escalante Centre Teatral","og_description":"El director art\u00edstic del Teatre Escalante, Josep Policarpo, i la secret\u00e0ria general de l&#8217;associaci\u00f3 Cl\u00e1sicas y Modernas, Marina Gilabert, han signat aquest mat\u00ed l&#8217;adhesi\u00f3 del centre d&#8217;arts esc\u00e8niques de la Diputaci\u00f3 de Val\u00e8ncia a les Temporades Igualtat. Amb aquest comprom\u00eds, el Teatre Escalante s&#8217;ha convertit en el primer teatre especialitzat en p\u00fablic infantil a adherir-se [&hellip;]","og_url":"https:\/\/escalantecentreteatral.dival.es\/ect_noticies\/teatre-escalante-se-convierte-primer-teatro-infantil-adherirse-la-carta-la-igualdad-genero","og_site_name":"Escalante Centre Teatral","article_publisher":"https:\/\/www.facebook.com\/EscalanteTeatre","article_published_time":"2018-03-07T15:07:45+00:00","og_image":[{"width":2362,"height":1535,"url":"https:\/\/escalantecentreteatral.dival.es\/wp-content\/uploads\/FirmaAbulaila1.jpg","type":"image\/jpeg"}],"author":"B\u00e1rbara Trillo","twitter_card":"summary_large_image","twitter_creator":"@TeatreEscalante","twitter_site":"@TeatreEscalante","twitter_misc":{"Written by":"B\u00e1rbara Trillo","Est. reading time":"4 minutes"},"schema":{"@context":"https:\/\/schema.org","@graph":[{"@type":"Article","@id":"https:\/\/escalantecentreteatral.dival.es\/ect_noticies\/teatre-escalante-se-convierte-primer-teatro-infantil-adherirse-la-carta-la-igualdad-genero#article","isPartOf":{"@id":"https:\/\/escalantecentreteatral.dival.es\/ect_noticies\/teatre-escalante-se-convierte-primer-teatro-infantil-adherirse-la-carta-la-igualdad-genero"},"author":{"name":"B\u00e1rbara Trillo","@id":"https:\/\/escalantecentreteatral.dival.es\/val\/#\/schema\/person\/c8947f00c7319c0b4abf7d2c96ba1b96"},"headline":"Teatre Escalante es converteix en el primer teatre infantil a adherir-se a la Carta per la igualtat de g\u00e8nere","datePublished":"2018-03-07T15:07:45+00:00","dateModified":"2018-03-07T15:07:45+00:00","mainEntityOfPage":{"@id":"https:\/\/escalantecentreteatral.dival.es\/ect_noticies\/teatre-escalante-se-convierte-primer-teatro-infantil-adherirse-la-carta-la-igualdad-genero"},"wordCount":767,"commentCount":0,"publisher":{"@id":"https:\/\/escalantecentreteatral.dival.es\/val\/#organization"},"articleSection":["ECT"],"inLanguage":"ca","potentialAction":[{"@type":"CommentAction","name":"Comment","target":["https:\/\/escalantecentreteatral.dival.es\/ect_noticies\/teatre-escalante-se-convierte-primer-teatro-infantil-adherirse-la-carta-la-igualdad-genero#respond"]}]},{"@type":"WebPage","@id":"https:\/\/escalantecentreteatral.dival.es\/ect_noticies\/teatre-escalante-se-convierte-primer-teatro-infantil-adherirse-la-carta-la-igualdad-genero","url":"https:\/\/escalantecentreteatral.dival.es\/ect_noticies\/teatre-escalante-se-convierte-primer-teatro-infantil-adherirse-la-carta-la-igualdad-genero","name":"Teatre Escalante es converteix en el primer teatre infantil a adherir-se a la Carta per la igualtat de g\u00e8nere - Escalante Centre Teatral","isPartOf":{"@id":"https:\/\/escalantecentreteatral.dival.es\/val\/#website"},"datePublished":"2018-03-07T15:07:45+00:00","dateModified":"2018-03-07T15:07:45+00:00","breadcrumb":{"@id":"https:\/\/escalantecentreteatral.dival.es\/ect_noticies\/teatre-escalante-se-convierte-primer-teatro-infantil-adherirse-la-carta-la-igualdad-genero#breadcrumb"},"inLanguage":"ca","potentialAction":[{"@type":"ReadAction","target":["https:\/\/escalantecentreteatral.dival.es\/ect_noticies\/teatre-escalante-se-convierte-primer-teatro-infantil-adherirse-la-carta-la-igualdad-genero"]}]},{"@type":"BreadcrumbList","@id":"https:\/\/escalantecentreteatral.dival.es\/ect_noticies\/teatre-escalante-se-convierte-primer-teatro-infantil-adherirse-la-carta-la-igualdad-genero#breadcrumb","itemListElement":[{"@type":"ListItem","position":1,"name":"Home","item":"https:\/\/escalantecentreteatral.dival.es\/val"},{"@type":"ListItem","position":2,"name":"Teatre Escalante es converteix en el primer teatre infantil a adherir-se a la Carta per la igualtat de g\u00e8nere"}]},{"@type":"WebSite","@id":"https:\/\/escalantecentreteatral.dival.es\/val\/#website","url":"https:\/\/escalantecentreteatral.dival.es\/val\/","name":"Escalante Centre Teatral","description":"Valencia | espectaculos | musicales | artes escenicas.","publisher":{"@id":"https:\/\/escalantecentreteatral.dival.es\/val\/#organization"},"potentialAction":[{"@type":"SearchAction","target":{"@type":"EntryPoint","urlTemplate":"https:\/\/escalantecentreteatral.dival.es\/val\/?s={search_term_string}"},"query-input":"required name=search_term_string"}],"inLanguage":"ca"},{"@type":"Organization","@id":"https:\/\/escalantecentreteatral.dival.es\/val\/#organization","name":"Escalante Centre Teatral","alternateName":"Escalante Centre Teatral Val\u00e8ncia","url":"https:\/\/escalantecentreteatral.dival.es\/val\/","logo":{"@type":"ImageObject","inLanguage":"ca","@id":"https:\/\/escalantecentreteatral.dival.es\/val\/#\/schema\/logo\/image\/","url":"https:\/\/escalantecentreteatral.dival.es\/wp-content\/uploads\/logo_ect-1.png","contentUrl":"https:\/\/escalantecentreteatral.dival.es\/wp-content\/uploads\/logo_ect-1.png","width":1024,"height":292,"caption":"Escalante Centre Teatral"},"image":{"@id":"https:\/\/escalantecentreteatral.dival.es\/val\/#\/schema\/logo\/image\/"},"sameAs":["https:\/\/www.facebook.com\/EscalanteTeatre","https:\/\/twitter.com\/TeatreEscalante","https:\/\/www.instagram.com\/centre_escalante\/","https:\/\/www.youtube.com\/channel\/UCaXtimrtZ6eLZKN2qPgPa3g"]},{"@type":"Person","@id":"https:\/\/escalantecentreteatral.dival.es\/val\/#\/schema\/person\/c8947f00c7319c0b4abf7d2c96ba1b96","name":"B\u00e1rbara Trillo","image":{"@type":"ImageObject","inLanguage":"ca","@id":"https:\/\/escalantecentreteatral.dival.es\/val\/#\/schema\/person\/image\/","url":"https:\/\/secure.gravatar.com\/avatar\/155b210217447cfafd113fe83b946a91?s=96&d=mm&r=g","contentUrl":"https:\/\/secure.gravatar.com\/avatar\/155b210217447cfafd113fe83b946a91?s=96&d=mm&r=g","caption":"B\u00e1rbara Trillo"},"url":"https:\/\/escalantecentreteatral.dival.es\/val\/author\/barbara-trillodival-es"}]}},"_links":{"self":[{"href":"https:\/\/escalantecentreteatral.dival.es\/val\/wp-json\/wp\/v2\/posts\/4824"}],"collection":[{"href":"https:\/\/escalantecentreteatral.dival.es\/val\/wp-json\/wp\/v2\/posts"}],"about":[{"href":"https:\/\/escalantecentreteatral.dival.es\/val\/wp-json\/wp\/v2\/types\/post"}],"author":[{"embeddable":true,"href":"https:\/\/escalantecentreteatral.dival.es\/val\/wp-json\/wp\/v2\/users\/11"}],"replies":[{"embeddable":true,"href":"https:\/\/escalantecentreteatral.dival.es\/val\/wp-json\/wp\/v2\/comments?post=4824"}],"version-history":[{"count":1,"href":"https:\/\/escalantecentreteatral.dival.es\/val\/wp-json\/wp\/v2\/posts\/4824\/revisions"}],"predecessor-version":[{"id":4830,"href":"https:\/\/escalantecentreteatral.dival.es\/val\/wp-json\/wp\/v2\/posts\/4824\/revisions\/4830"}],"wp:featuredmedia":[{"embeddable":true,"href":"https:\/\/escalantecentreteatral.dival.es\/val\/wp-json\/wp\/v2\/media\/4827"}],"wp:attachment":[{"href":"https:\/\/escalantecentreteatral.dival.es\/val\/wp-json\/wp\/v2\/media?parent=4824"}],"wp:term":[{"taxonomy":"category","embeddable":true,"href":"https:\/\/escalantecentreteatral.dival.es\/val\/wp-json\/wp\/v2\/categories?post=4824"},{"taxonomy":"post_tag","embeddable":true,"href":"https:\/\/escalantecentreteatral.dival.es\/val\/wp-json\/wp\/v2\/tags?post=4824"}],"curies":[{"name":"wp","href":"https:\/\/api.w.org\/{rel}","templated":true}]}}