{"id":4724,"date":"2018-02-12T10:55:11","date_gmt":"2018-02-12T10:55:11","guid":{"rendered":"https:\/\/escalantecentreteatral.dival.es\/val\/?p=4724"},"modified":"2018-02-12T11:00:40","modified_gmt":"2018-02-12T11:00:40","slug":"cicle-escena-diversa-reuneix-contes-grimm","status":"publish","type":"post","link":"https:\/\/escalantecentreteatral.dival.es\/val\/ect-val\/cicle-escena-diversa-reuneix-contes-grimm","title":{"rendered":"El Cicle Escena Diversa reuneix contes de Grimm, una rondalla sobre el bullying                   i dansa ecologista"},"content":{"rendered":"<p>El Teatre Escalante s&#8217;instal\u00b7la a la Sala Russafa de l\u201911 de febrer a l&#8217;1 de mar\u00e7 amb una oferta de tres espectacles que responen a tres disciplines teatrals diferents i complement\u00e0ries. La proposta s&#8217;agrupa sota el nom Escena Diversa i convoca a un trio de companyies que combinen la reflexi\u00f3 amb l&#8217;entreteniment mitjan\u00e7ant el teatre d\u2019objectes, els visuals, la m\u00fasica cl\u00e0ssica, els titelles i la dansa.<\/p>\n<p>Aix\u00ed, la prestigiosa formaci\u00f3 granadina <a href=\"http:\/\/www.lamaquine.com\/\"><strong>La Maquin\u00e9<\/strong><\/a> visita la ciutat de Val\u00e8ncia amb una recreaci\u00f3 estilitzada de contes tradicionals. <em>Caputxeta Roja, Cigronet, Blancaneus<\/em> i <em>La Ventafocs<\/em> s&#8217;alternen i entrecreuen en <em>El bosque de Grimm<\/em> de l&#8217;11 al 15 de febrer. El punt de partida i fil conductor d&#8217;aquest espectacle sense paraules \u00e9s la suite de <strong>Maurice Ravel<\/strong> <em>Ma m\u00e8re l&#8217;Oye<\/em>, inspirada en els contes de fades. \u201cLa m\u00fasica \u00e9s la paraula de l&#8217;espectacle\u201d, explica <strong>Joaqu\u00edn Casanova<\/strong>, cofundador de la companyia al costat <strong>d&#8217;Elisa Ramos<\/strong>.<\/p>\n<p>Per a documentar el projecte, tots dos van realitzar lectures sobre psicoan\u00e0lisis i contes populars, i revisat l&#8217;obra d&#8217;artistes rom\u00e0ntics i de fot\u00f2grafs contemporanis interessats en l&#8217;univers dels contes de fades, en una fugida de l\u2019endol\u00e7ament Disney.<\/p>\n<p>La companyia va ser reconeguda per aquest treball amb el <a href=\"http:\/\/www.premiosmax.com\/home\/index.php\"><strong>Max 2014 al millor espectacle infantil<\/strong><\/a> i el <strong>Premi Teatre Andal\u00fas\/SGAE<\/strong> en la mateixa categoria el 2013.<\/p>\n<p><img decoding=\"async\" loading=\"lazy\" class=\"alignnone size-medium wp-image-4715\" src=\"https:\/\/escalantecentreteatral.dival.es\/wp-content\/uploads\/bosque_grimm4-700x467.jpg\" alt=\"\" width=\"700\" height=\"467\" \/><\/p>\n<p>&nbsp;<\/p>\n<p><strong>El lle\u00f3 que no sabia rugir<\/strong><\/p>\n<p><a href=\"http:\/\/www.labaldufateatre.com\/es\/\"><strong>La Baldufa Companyia de Teatre<\/strong><\/a> se servir\u00e0 dels animals de la sabana africana per a apuntar solucions per al bullying en <em>Safari<\/em>, programada del 18 al 22 de febrer. L\u2019obra conserva els dos protagonistes d\u2019un muntatge previ de la companyia, <em>Embolic a la Granja<\/em>: en Pinyot i en Carabassot. Ara, aquests dos personatges ens expliquen el conflicte en qu\u00e8 s\u2019han trobat despr\u00e9s d\u2019haver rebut la not\u00edcia que els advertia de la misteriosa desaparici\u00f3 d\u2019un lle\u00f3.<\/p>\n<p>\u201cTenim el convenciment que per mitj\u00e0 de l&#8217;educaci\u00f3 i el treball es poden potenciar actituds i comportaments en positiu que permeten una conviv\u00e8ncia dol\u00e7a i tranquil\u00b7la\u201d, valoren des de la companyia lleidatana.<\/p>\n<p>Un cocodril abusiu, un lle\u00f3 que no sap rugir i una girafa, un mico, i un elefant que fan la punyeta serviran d&#8217;exemple sobre la ferocitat i la crueltat amb la qual sovint es tracten els xiquets. La preocupaci\u00f3 dels protagonistes \u00e9s similar a la dels pares i els mestres.<\/p>\n<p><img decoding=\"async\" loading=\"lazy\" class=\"alignnone size-medium wp-image-4716\" src=\"https:\/\/escalantecentreteatral.dival.es\/wp-content\/uploads\/la_baldufa_safari_photos_10_338-700x467.jpg\" alt=\"\" width=\"700\" height=\"467\" \/><\/p>\n<p>&nbsp;<\/p>\n<p><strong>La solidaritat amb l\u2019aigua<\/strong><\/p>\n<p>Completa aquest cicle <em>Agua de luna<\/em>, una faula ecologista de la <a href=\"https:\/\/www.cocinandodanza.com\/cia-improvisada\"><strong>Compa\u00f1\u00eda Improvisada<\/strong><\/a>. A trav\u00e9s de les aventures de dues gotes d&#8217;aigua salada, els xicotets descobriran els valors de la col\u00b7laboraci\u00f3, el respecte a la igualtat, la diversitat i l&#8217;amistat.<\/p>\n<p><img decoding=\"async\" loading=\"lazy\" class=\"alignnone size-medium wp-image-4718\" src=\"https:\/\/escalantecentreteatral.dival.es\/wp-content\/uploads\/agua_luna-1-700x466.jpg\" alt=\"\" width=\"700\" height=\"466\" srcset=\"https:\/\/escalantecentreteatral.dival.es\/wp-content\/uploads\/agua_luna-1-700x466.jpg 700w, https:\/\/escalantecentreteatral.dival.es\/wp-content\/uploads\/agua_luna-1-900x600.jpg 900w, https:\/\/escalantecentreteatral.dival.es\/wp-content\/uploads\/agua_luna-1-768x512.jpg 768w, https:\/\/escalantecentreteatral.dival.es\/wp-content\/uploads\/agua_luna-1-300x200.jpg 300w, https:\/\/escalantecentreteatral.dival.es\/wp-content\/uploads\/agua_luna-1.jpg 1280w\" sizes=\"(max-width: 700px) 100vw, 700px\" \/><\/p>\n<p>El espectacle est\u00e0 format per 10 escenes, introdu\u00efdes por un text en \u00e0udio, evocant la lluna o l\u2019aigua, de cinc grans escriptors de la literatura hisp\u00e0nica i universal. La pe\u00e7a de dansa narra el viatge d&#8217;una gota d&#8217;aigua arrossegada fins a les profunditats marines despr\u00e9s d&#8217;una tempestat. All\u00ed comen\u00e7ar\u00e0 el seu periple cercant el cam\u00ed de tornada a casa a trav\u00e9s dels diferents paisatges de l&#8217;aigua en el nostre planeta: el fons de l&#8217;oce\u00e0, les grutes i aig\u00fces subterr\u00e0nies, les deus, els rius, les llacunes, les tempestes, la pluja tranquil\u00b7la, els tolls infinits, els canals i el mar. En la seua aventura es trobar\u00e0 amb \u00e9ssers m\u00e0gics, cadascun dels quals li ensenyar\u00e0 com conviure de forma m\u00e9s ecol\u00f2gica i sostenible amb l&#8217;aigua.<\/p>\n","protected":false},"excerpt":{"rendered":"<p>El Teatre Escalante s&#8217;instal\u00b7la a la Sala Russafa de l\u201911 de febrer a l&#8217;1 de mar\u00e7 amb una oferta de tres espectacles que responen a tres disciplines teatrals diferents i complement\u00e0ries. La proposta s&#8217;agrupa sota el nom Escena Diversa i convoca a un trio de companyies que combinen la reflexi\u00f3 amb l&#8217;entreteniment mitjan\u00e7ant el teatre [&hellip;]<\/p>\n","protected":false},"author":11,"featured_media":4722,"comment_status":"open","ping_status":"open","sticky":false,"template":"","format":"standard","meta":{"inline_featured_image":false},"categories":[5],"tags":[],"acf":[],"yoast_head":"<!-- This site is optimized with the Yoast SEO plugin v21.1 - https:\/\/yoast.com\/wordpress\/plugins\/seo\/ -->\n<title>El Cicle Escena Diversa reuneix contes de Grimm, una rondalla sobre el bullying          i dansa ecologista - Escalante Centre Teatral<\/title>\n<meta name=\"robots\" content=\"index, follow, max-snippet:-1, max-image-preview:large, max-video-preview:-1\" \/>\n<link rel=\"canonical\" href=\"https:\/\/escalantecentreteatral.dival.es\/ect_noticies\/ciclo-escena-diversa-reune-cuentos-grimm\" \/>\n<meta property=\"og:locale\" content=\"ca_ES\" \/>\n<meta property=\"og:type\" content=\"article\" \/>\n<meta property=\"og:title\" content=\"El Cicle Escena Diversa reuneix contes de Grimm, una rondalla sobre el bullying          i dansa ecologista - Escalante Centre Teatral\" \/>\n<meta property=\"og:description\" content=\"El Teatre Escalante s&#8217;instal\u00b7la a la Sala Russafa de l\u201911 de febrer a l&#8217;1 de mar\u00e7 amb una oferta de tres espectacles que responen a tres disciplines teatrals diferents i complement\u00e0ries. La proposta s&#8217;agrupa sota el nom Escena Diversa i convoca a un trio de companyies que combinen la reflexi\u00f3 amb l&#8217;entreteniment mitjan\u00e7ant el teatre [&hellip;]\" \/>\n<meta property=\"og:url\" content=\"https:\/\/escalantecentreteatral.dival.es\/ect_noticies\/ciclo-escena-diversa-reune-cuentos-grimm\" \/>\n<meta property=\"og:site_name\" content=\"Escalante Centre Teatral\" \/>\n<meta property=\"article:publisher\" content=\"https:\/\/www.facebook.com\/EscalanteTeatre\" \/>\n<meta property=\"article:published_time\" content=\"2018-02-12T10:55:11+00:00\" \/>\n<meta property=\"article:modified_time\" content=\"2018-02-12T11:00:40+00:00\" \/>\n<meta property=\"og:image\" content=\"https:\/\/escalantecentreteatral.dival.es\/wp-content\/uploads\/la_baldufa_safari_photos_6_264-e1518432164345.jpg\" \/>\n\t<meta property=\"og:image:width\" content=\"1024\" \/>\n\t<meta property=\"og:image:height\" content=\"684\" \/>\n\t<meta property=\"og:image:type\" content=\"image\/jpeg\" \/>\n<meta name=\"author\" content=\"B\u00e1rbara Trillo\" \/>\n<meta name=\"twitter:card\" content=\"summary_large_image\" \/>\n<meta name=\"twitter:creator\" content=\"@TeatreEscalante\" \/>\n<meta name=\"twitter:site\" content=\"@TeatreEscalante\" \/>\n<meta name=\"twitter:label1\" content=\"Written by\" \/>\n\t<meta name=\"twitter:data1\" content=\"B\u00e1rbara Trillo\" \/>\n\t<meta name=\"twitter:label2\" content=\"Est. reading time\" \/>\n\t<meta name=\"twitter:data2\" content=\"3 minutes\" \/>\n<script type=\"application\/ld+json\" class=\"yoast-schema-graph\">{\"@context\":\"https:\/\/schema.org\",\"@graph\":[{\"@type\":\"Article\",\"@id\":\"https:\/\/escalantecentreteatral.dival.es\/ect_noticies\/ciclo-escena-diversa-reune-cuentos-grimm#article\",\"isPartOf\":{\"@id\":\"https:\/\/escalantecentreteatral.dival.es\/ect_noticies\/ciclo-escena-diversa-reune-cuentos-grimm\"},\"author\":{\"name\":\"B\u00e1rbara Trillo\",\"@id\":\"https:\/\/escalantecentreteatral.dival.es\/val\/#\/schema\/person\/c8947f00c7319c0b4abf7d2c96ba1b96\"},\"headline\":\"El Cicle Escena Diversa reuneix contes de Grimm, una rondalla sobre el bullying i dansa ecologista\",\"datePublished\":\"2018-02-12T10:55:11+00:00\",\"dateModified\":\"2018-02-12T11:00:40+00:00\",\"mainEntityOfPage\":{\"@id\":\"https:\/\/escalantecentreteatral.dival.es\/ect_noticies\/ciclo-escena-diversa-reune-cuentos-grimm\"},\"wordCount\":620,\"commentCount\":0,\"publisher\":{\"@id\":\"https:\/\/escalantecentreteatral.dival.es\/val\/#organization\"},\"articleSection\":[\"ECT\"],\"inLanguage\":\"ca\",\"potentialAction\":[{\"@type\":\"CommentAction\",\"name\":\"Comment\",\"target\":[\"https:\/\/escalantecentreteatral.dival.es\/ect_noticies\/ciclo-escena-diversa-reune-cuentos-grimm#respond\"]}]},{\"@type\":\"WebPage\",\"@id\":\"https:\/\/escalantecentreteatral.dival.es\/ect_noticies\/ciclo-escena-diversa-reune-cuentos-grimm\",\"url\":\"https:\/\/escalantecentreteatral.dival.es\/ect_noticies\/ciclo-escena-diversa-reune-cuentos-grimm\",\"name\":\"El Cicle Escena Diversa reuneix contes de Grimm, una rondalla sobre el bullying i dansa ecologista - Escalante Centre Teatral\",\"isPartOf\":{\"@id\":\"https:\/\/escalantecentreteatral.dival.es\/val\/#website\"},\"datePublished\":\"2018-02-12T10:55:11+00:00\",\"dateModified\":\"2018-02-12T11:00:40+00:00\",\"breadcrumb\":{\"@id\":\"https:\/\/escalantecentreteatral.dival.es\/ect_noticies\/ciclo-escena-diversa-reune-cuentos-grimm#breadcrumb\"},\"inLanguage\":\"ca\",\"potentialAction\":[{\"@type\":\"ReadAction\",\"target\":[\"https:\/\/escalantecentreteatral.dival.es\/ect_noticies\/ciclo-escena-diversa-reune-cuentos-grimm\"]}]},{\"@type\":\"BreadcrumbList\",\"@id\":\"https:\/\/escalantecentreteatral.dival.es\/ect_noticies\/ciclo-escena-diversa-reune-cuentos-grimm#breadcrumb\",\"itemListElement\":[{\"@type\":\"ListItem\",\"position\":1,\"name\":\"Home\",\"item\":\"https:\/\/escalantecentreteatral.dival.es\/val\"},{\"@type\":\"ListItem\",\"position\":2,\"name\":\"El Cicle Escena Diversa reuneix contes de Grimm, una rondalla sobre el bullying i dansa ecologista\"}]},{\"@type\":\"WebSite\",\"@id\":\"https:\/\/escalantecentreteatral.dival.es\/val\/#website\",\"url\":\"https:\/\/escalantecentreteatral.dival.es\/val\/\",\"name\":\"Escalante Centre Teatral\",\"description\":\"Valencia | espectaculos | musicales | artes escenicas.\",\"publisher\":{\"@id\":\"https:\/\/escalantecentreteatral.dival.es\/val\/#organization\"},\"potentialAction\":[{\"@type\":\"SearchAction\",\"target\":{\"@type\":\"EntryPoint\",\"urlTemplate\":\"https:\/\/escalantecentreteatral.dival.es\/val\/?s={search_term_string}\"},\"query-input\":\"required name=search_term_string\"}],\"inLanguage\":\"ca\"},{\"@type\":\"Organization\",\"@id\":\"https:\/\/escalantecentreteatral.dival.es\/val\/#organization\",\"name\":\"Escalante Centre Teatral\",\"alternateName\":\"Escalante Centre Teatral Val\u00e8ncia\",\"url\":\"https:\/\/escalantecentreteatral.dival.es\/val\/\",\"logo\":{\"@type\":\"ImageObject\",\"inLanguage\":\"ca\",\"@id\":\"https:\/\/escalantecentreteatral.dival.es\/val\/#\/schema\/logo\/image\/\",\"url\":\"https:\/\/escalantecentreteatral.dival.es\/wp-content\/uploads\/logo_ect-1.png\",\"contentUrl\":\"https:\/\/escalantecentreteatral.dival.es\/wp-content\/uploads\/logo_ect-1.png\",\"width\":1024,\"height\":292,\"caption\":\"Escalante Centre Teatral\"},\"image\":{\"@id\":\"https:\/\/escalantecentreteatral.dival.es\/val\/#\/schema\/logo\/image\/\"},\"sameAs\":[\"https:\/\/www.facebook.com\/EscalanteTeatre\",\"https:\/\/twitter.com\/TeatreEscalante\",\"https:\/\/www.instagram.com\/centre_escalante\/\",\"https:\/\/www.youtube.com\/channel\/UCaXtimrtZ6eLZKN2qPgPa3g\"]},{\"@type\":\"Person\",\"@id\":\"https:\/\/escalantecentreteatral.dival.es\/val\/#\/schema\/person\/c8947f00c7319c0b4abf7d2c96ba1b96\",\"name\":\"B\u00e1rbara Trillo\",\"image\":{\"@type\":\"ImageObject\",\"inLanguage\":\"ca\",\"@id\":\"https:\/\/escalantecentreteatral.dival.es\/val\/#\/schema\/person\/image\/\",\"url\":\"https:\/\/secure.gravatar.com\/avatar\/155b210217447cfafd113fe83b946a91?s=96&d=mm&r=g\",\"contentUrl\":\"https:\/\/secure.gravatar.com\/avatar\/155b210217447cfafd113fe83b946a91?s=96&d=mm&r=g\",\"caption\":\"B\u00e1rbara Trillo\"},\"url\":\"https:\/\/escalantecentreteatral.dival.es\/val\/author\/barbara-trillodival-es\"}]}<\/script>\n<!-- \/ Yoast SEO plugin. -->","yoast_head_json":{"title":"El Cicle Escena Diversa reuneix contes de Grimm, una rondalla sobre el bullying          i dansa ecologista - Escalante Centre Teatral","robots":{"index":"index","follow":"follow","max-snippet":"max-snippet:-1","max-image-preview":"max-image-preview:large","max-video-preview":"max-video-preview:-1"},"canonical":"https:\/\/escalantecentreteatral.dival.es\/ect_noticies\/ciclo-escena-diversa-reune-cuentos-grimm","og_locale":"ca_ES","og_type":"article","og_title":"El Cicle Escena Diversa reuneix contes de Grimm, una rondalla sobre el bullying          i dansa ecologista - Escalante Centre Teatral","og_description":"El Teatre Escalante s&#8217;instal\u00b7la a la Sala Russafa de l\u201911 de febrer a l&#8217;1 de mar\u00e7 amb una oferta de tres espectacles que responen a tres disciplines teatrals diferents i complement\u00e0ries. La proposta s&#8217;agrupa sota el nom Escena Diversa i convoca a un trio de companyies que combinen la reflexi\u00f3 amb l&#8217;entreteniment mitjan\u00e7ant el teatre [&hellip;]","og_url":"https:\/\/escalantecentreteatral.dival.es\/ect_noticies\/ciclo-escena-diversa-reune-cuentos-grimm","og_site_name":"Escalante Centre Teatral","article_publisher":"https:\/\/www.facebook.com\/EscalanteTeatre","article_published_time":"2018-02-12T10:55:11+00:00","article_modified_time":"2018-02-12T11:00:40+00:00","og_image":[{"width":1024,"height":684,"url":"https:\/\/escalantecentreteatral.dival.es\/wp-content\/uploads\/la_baldufa_safari_photos_6_264-e1518432164345.jpg","type":"image\/jpeg"}],"author":"B\u00e1rbara Trillo","twitter_card":"summary_large_image","twitter_creator":"@TeatreEscalante","twitter_site":"@TeatreEscalante","twitter_misc":{"Written by":"B\u00e1rbara Trillo","Est. reading time":"3 minutes"},"schema":{"@context":"https:\/\/schema.org","@graph":[{"@type":"Article","@id":"https:\/\/escalantecentreteatral.dival.es\/ect_noticies\/ciclo-escena-diversa-reune-cuentos-grimm#article","isPartOf":{"@id":"https:\/\/escalantecentreteatral.dival.es\/ect_noticies\/ciclo-escena-diversa-reune-cuentos-grimm"},"author":{"name":"B\u00e1rbara Trillo","@id":"https:\/\/escalantecentreteatral.dival.es\/val\/#\/schema\/person\/c8947f00c7319c0b4abf7d2c96ba1b96"},"headline":"El Cicle Escena Diversa reuneix contes de Grimm, una rondalla sobre el bullying i dansa ecologista","datePublished":"2018-02-12T10:55:11+00:00","dateModified":"2018-02-12T11:00:40+00:00","mainEntityOfPage":{"@id":"https:\/\/escalantecentreteatral.dival.es\/ect_noticies\/ciclo-escena-diversa-reune-cuentos-grimm"},"wordCount":620,"commentCount":0,"publisher":{"@id":"https:\/\/escalantecentreteatral.dival.es\/val\/#organization"},"articleSection":["ECT"],"inLanguage":"ca","potentialAction":[{"@type":"CommentAction","name":"Comment","target":["https:\/\/escalantecentreteatral.dival.es\/ect_noticies\/ciclo-escena-diversa-reune-cuentos-grimm#respond"]}]},{"@type":"WebPage","@id":"https:\/\/escalantecentreteatral.dival.es\/ect_noticies\/ciclo-escena-diversa-reune-cuentos-grimm","url":"https:\/\/escalantecentreteatral.dival.es\/ect_noticies\/ciclo-escena-diversa-reune-cuentos-grimm","name":"El Cicle Escena Diversa reuneix contes de Grimm, una rondalla sobre el bullying i dansa ecologista - Escalante Centre Teatral","isPartOf":{"@id":"https:\/\/escalantecentreteatral.dival.es\/val\/#website"},"datePublished":"2018-02-12T10:55:11+00:00","dateModified":"2018-02-12T11:00:40+00:00","breadcrumb":{"@id":"https:\/\/escalantecentreteatral.dival.es\/ect_noticies\/ciclo-escena-diversa-reune-cuentos-grimm#breadcrumb"},"inLanguage":"ca","potentialAction":[{"@type":"ReadAction","target":["https:\/\/escalantecentreteatral.dival.es\/ect_noticies\/ciclo-escena-diversa-reune-cuentos-grimm"]}]},{"@type":"BreadcrumbList","@id":"https:\/\/escalantecentreteatral.dival.es\/ect_noticies\/ciclo-escena-diversa-reune-cuentos-grimm#breadcrumb","itemListElement":[{"@type":"ListItem","position":1,"name":"Home","item":"https:\/\/escalantecentreteatral.dival.es\/val"},{"@type":"ListItem","position":2,"name":"El Cicle Escena Diversa reuneix contes de Grimm, una rondalla sobre el bullying i dansa ecologista"}]},{"@type":"WebSite","@id":"https:\/\/escalantecentreteatral.dival.es\/val\/#website","url":"https:\/\/escalantecentreteatral.dival.es\/val\/","name":"Escalante Centre Teatral","description":"Valencia | espectaculos | musicales | artes escenicas.","publisher":{"@id":"https:\/\/escalantecentreteatral.dival.es\/val\/#organization"},"potentialAction":[{"@type":"SearchAction","target":{"@type":"EntryPoint","urlTemplate":"https:\/\/escalantecentreteatral.dival.es\/val\/?s={search_term_string}"},"query-input":"required name=search_term_string"}],"inLanguage":"ca"},{"@type":"Organization","@id":"https:\/\/escalantecentreteatral.dival.es\/val\/#organization","name":"Escalante Centre Teatral","alternateName":"Escalante Centre Teatral Val\u00e8ncia","url":"https:\/\/escalantecentreteatral.dival.es\/val\/","logo":{"@type":"ImageObject","inLanguage":"ca","@id":"https:\/\/escalantecentreteatral.dival.es\/val\/#\/schema\/logo\/image\/","url":"https:\/\/escalantecentreteatral.dival.es\/wp-content\/uploads\/logo_ect-1.png","contentUrl":"https:\/\/escalantecentreteatral.dival.es\/wp-content\/uploads\/logo_ect-1.png","width":1024,"height":292,"caption":"Escalante Centre Teatral"},"image":{"@id":"https:\/\/escalantecentreteatral.dival.es\/val\/#\/schema\/logo\/image\/"},"sameAs":["https:\/\/www.facebook.com\/EscalanteTeatre","https:\/\/twitter.com\/TeatreEscalante","https:\/\/www.instagram.com\/centre_escalante\/","https:\/\/www.youtube.com\/channel\/UCaXtimrtZ6eLZKN2qPgPa3g"]},{"@type":"Person","@id":"https:\/\/escalantecentreteatral.dival.es\/val\/#\/schema\/person\/c8947f00c7319c0b4abf7d2c96ba1b96","name":"B\u00e1rbara Trillo","image":{"@type":"ImageObject","inLanguage":"ca","@id":"https:\/\/escalantecentreteatral.dival.es\/val\/#\/schema\/person\/image\/","url":"https:\/\/secure.gravatar.com\/avatar\/155b210217447cfafd113fe83b946a91?s=96&d=mm&r=g","contentUrl":"https:\/\/secure.gravatar.com\/avatar\/155b210217447cfafd113fe83b946a91?s=96&d=mm&r=g","caption":"B\u00e1rbara Trillo"},"url":"https:\/\/escalantecentreteatral.dival.es\/val\/author\/barbara-trillodival-es"}]}},"_links":{"self":[{"href":"https:\/\/escalantecentreteatral.dival.es\/val\/wp-json\/wp\/v2\/posts\/4724"}],"collection":[{"href":"https:\/\/escalantecentreteatral.dival.es\/val\/wp-json\/wp\/v2\/posts"}],"about":[{"href":"https:\/\/escalantecentreteatral.dival.es\/val\/wp-json\/wp\/v2\/types\/post"}],"author":[{"embeddable":true,"href":"https:\/\/escalantecentreteatral.dival.es\/val\/wp-json\/wp\/v2\/users\/11"}],"replies":[{"embeddable":true,"href":"https:\/\/escalantecentreteatral.dival.es\/val\/wp-json\/wp\/v2\/comments?post=4724"}],"version-history":[{"count":1,"href":"https:\/\/escalantecentreteatral.dival.es\/val\/wp-json\/wp\/v2\/posts\/4724\/revisions"}],"predecessor-version":[{"id":4725,"href":"https:\/\/escalantecentreteatral.dival.es\/val\/wp-json\/wp\/v2\/posts\/4724\/revisions\/4725"}],"wp:featuredmedia":[{"embeddable":true,"href":"https:\/\/escalantecentreteatral.dival.es\/val\/wp-json\/wp\/v2\/media\/4722"}],"wp:attachment":[{"href":"https:\/\/escalantecentreteatral.dival.es\/val\/wp-json\/wp\/v2\/media?parent=4724"}],"wp:term":[{"taxonomy":"category","embeddable":true,"href":"https:\/\/escalantecentreteatral.dival.es\/val\/wp-json\/wp\/v2\/categories?post=4724"},{"taxonomy":"post_tag","embeddable":true,"href":"https:\/\/escalantecentreteatral.dival.es\/val\/wp-json\/wp\/v2\/tags?post=4724"}],"curies":[{"name":"wp","href":"https:\/\/api.w.org\/{rel}","templated":true}]}}