{"id":10344,"date":"2021-03-22T09:00:27","date_gmt":"2021-03-22T08:00:27","guid":{"rendered":"https:\/\/escalantecentreteatral.dival.es\/ect-val\/el-escalante-prepara-una-adaptacion-para-publico-infantil-y-familiar-de-rebelion-en-la-granja"},"modified":"2021-04-06T19:55:38","modified_gmt":"2021-04-06T17:55:38","slug":"el-escalante-prepara-una-adaptacion-para-publico-infantil-y-familiar-de-rebelion-en-la-granja","status":"publish","type":"post","link":"https:\/\/escalantecentreteatral.dival.es\/val\/ect-val\/el-escalante-prepara-una-adaptacion-para-publico-infantil-y-familiar-de-rebelion-en-la-granja","title":{"rendered":"L&#8217;Escalante prepara una adaptaci\u00f3 per a p\u00fablic infantil i familiar de La revolta dels animals"},"content":{"rendered":"<p>Traslladar a l&#8217;univers infantil la novel\u00b7la de George Orwell <em>La revolta dels animals<\/em> \u00e9s el repte que ens hem marcat en la nostra \u00faltima producci\u00f3 pr\u00f2pia de la temporada: <em>\u00a0<strong>Rebel\u00b7li\u00f3.<\/strong> <\/em>Un espectacle per a p\u00fablic familiar on <strong>Marea Danza<\/strong> i <strong>La Teta Calva<\/strong> fusionen el ball flamenc i la dramat\u00fargia contempor\u00e0nia per a adaptar esta rondalla cr\u00edtica sobre la condici\u00f3 humana als espectadors m\u00e9s xicotets.<\/p>\n<p><img decoding=\"async\" loading=\"lazy\" class=\"alignnone size-medium wp-image-10341\" src=\"https:\/\/escalantecentreteatral.dival.es\/wp-content\/uploads\/web_2020-11-30_ensayo_marea_rebelion-en-la-granja_PacoVillalta-_D5P6300-700x467.jpg\" alt=\"\" width=\"700\" height=\"467\" srcset=\"https:\/\/escalantecentreteatral.dival.es\/wp-content\/uploads\/web_2020-11-30_ensayo_marea_rebelion-en-la-granja_PacoVillalta-_D5P6300-700x467.jpg 700w, https:\/\/escalantecentreteatral.dival.es\/wp-content\/uploads\/web_2020-11-30_ensayo_marea_rebelion-en-la-granja_PacoVillalta-_D5P6300-1280x854.jpg 1280w, https:\/\/escalantecentreteatral.dival.es\/wp-content\/uploads\/web_2020-11-30_ensayo_marea_rebelion-en-la-granja_PacoVillalta-_D5P6300-900x600.jpg 900w, https:\/\/escalantecentreteatral.dival.es\/wp-content\/uploads\/web_2020-11-30_ensayo_marea_rebelion-en-la-granja_PacoVillalta-_D5P6300-768x512.jpg 768w, https:\/\/escalantecentreteatral.dival.es\/wp-content\/uploads\/web_2020-11-30_ensayo_marea_rebelion-en-la-granja_PacoVillalta-_D5P6300-1536x1024.jpg 1536w, https:\/\/escalantecentreteatral.dival.es\/wp-content\/uploads\/web_2020-11-30_ensayo_marea_rebelion-en-la-granja_PacoVillalta-_D5P6300-300x200.jpg 300w, https:\/\/escalantecentreteatral.dival.es\/wp-content\/uploads\/web_2020-11-30_ensayo_marea_rebelion-en-la-granja_PacoVillalta-_D5P6300.jpg 1600w\" sizes=\"(max-width: 700px) 100vw, 700px\" \/><\/p>\n<p>Destinat a xiquets i xiquetes majors de 6 anys, l&#8217;espectacle, estar\u00e0 al <strong>Teatre Mart\u00edn i Soler del Palau de les Arts del 14 d\u2019abril fins el 2 de maig.<\/strong><\/p>\n<p style=\"text-align: center;\"><strong>\u00a0 \u00a0 \u00a0 \u00a0 \u00a0 \u00a0Entrades: <\/strong><a href=\"https:\/\/bit.ly\/39MtXOI\">https:\/\/bit.ly\/39MtXOI\u00a0<\/a><\/p>\n","protected":false},"excerpt":{"rendered":"<p>Traslladar a l&#8217;univers infantil la novel\u00b7la de George Orwell La revolta dels animals \u00e9s el repte que ens hem marcat en la nostra \u00faltima producci\u00f3 pr\u00f2pia de la temporada: \u00a0Rebel\u00b7li\u00f3. Un espectacle per a p\u00fablic familiar on Marea Danza i La Teta Calva fusionen el ball flamenc i la dramat\u00fargia contempor\u00e0nia per a adaptar esta [&hellip;]<\/p>\n","protected":false},"author":11,"featured_media":0,"comment_status":"open","ping_status":"open","sticky":false,"template":"","format":"standard","meta":{"inline_featured_image":false},"categories":[5],"tags":[],"acf":[],"yoast_head":"<!-- This site is optimized with the Yoast SEO plugin v21.1 - https:\/\/yoast.com\/wordpress\/plugins\/seo\/ -->\n<title>L&#039;Escalante prepara una adaptaci\u00f3 per a p\u00fablic infantil i familiar de La revolta dels animals - Escalante Centre Teatral<\/title>\n<meta name=\"robots\" content=\"index, follow, max-snippet:-1, max-image-preview:large, max-video-preview:-1\" \/>\n<link rel=\"canonical\" href=\"https:\/\/escalantecentreteatral.dival.es\/val\/ect-val\/el-escalante-prepara-una-adaptacion-para-publico-infantil-y-familiar-de-rebelion-en-la-granja\" \/>\n<meta property=\"og:locale\" content=\"ca_ES\" \/>\n<meta property=\"og:type\" content=\"article\" \/>\n<meta property=\"og:title\" content=\"L&#039;Escalante prepara una adaptaci\u00f3 per a p\u00fablic infantil i familiar de La revolta dels animals - Escalante Centre Teatral\" \/>\n<meta property=\"og:description\" content=\"Traslladar a l&#8217;univers infantil la novel\u00b7la de George Orwell La revolta dels animals \u00e9s el repte que ens hem marcat en la nostra \u00faltima producci\u00f3 pr\u00f2pia de la temporada: \u00a0Rebel\u00b7li\u00f3. Un espectacle per a p\u00fablic familiar on Marea Danza i La Teta Calva fusionen el ball flamenc i la dramat\u00fargia contempor\u00e0nia per a adaptar esta [&hellip;]\" \/>\n<meta property=\"og:url\" content=\"https:\/\/escalantecentreteatral.dival.es\/val\/ect-val\/el-escalante-prepara-una-adaptacion-para-publico-infantil-y-familiar-de-rebelion-en-la-granja\" \/>\n<meta property=\"og:site_name\" content=\"Escalante Centre Teatral\" \/>\n<meta property=\"article:publisher\" content=\"https:\/\/www.facebook.com\/EscalanteTeatre\" \/>\n<meta property=\"article:published_time\" content=\"2021-03-22T08:00:27+00:00\" \/>\n<meta property=\"article:modified_time\" content=\"2021-04-06T17:55:38+00:00\" \/>\n<meta property=\"og:image\" content=\"https:\/\/escalantecentreteatral.dival.es\/wp-content\/uploads\/web_2020-11-30_ensayo_marea_rebelion-en-la-granja_PacoVillalta-_D5P6300-700x467.jpg\" \/>\n<meta name=\"author\" content=\"B\u00e1rbara Trillo\" \/>\n<meta name=\"twitter:card\" content=\"summary_large_image\" \/>\n<meta name=\"twitter:creator\" content=\"@TeatreEscalante\" \/>\n<meta name=\"twitter:site\" content=\"@TeatreEscalante\" \/>\n<meta name=\"twitter:label1\" content=\"Written by\" \/>\n\t<meta name=\"twitter:data1\" content=\"B\u00e1rbara Trillo\" \/>\n\t<meta name=\"twitter:label2\" content=\"Est. reading time\" \/>\n\t<meta name=\"twitter:data2\" content=\"1 minute\" \/>\n<script type=\"application\/ld+json\" class=\"yoast-schema-graph\">{\"@context\":\"https:\/\/schema.org\",\"@graph\":[{\"@type\":\"Article\",\"@id\":\"https:\/\/escalantecentreteatral.dival.es\/val\/ect-val\/el-escalante-prepara-una-adaptacion-para-publico-infantil-y-familiar-de-rebelion-en-la-granja#article\",\"isPartOf\":{\"@id\":\"https:\/\/escalantecentreteatral.dival.es\/val\/ect-val\/el-escalante-prepara-una-adaptacion-para-publico-infantil-y-familiar-de-rebelion-en-la-granja\"},\"author\":{\"name\":\"B\u00e1rbara Trillo\",\"@id\":\"https:\/\/escalantecentreteatral.dival.es\/val\/#\/schema\/person\/c8947f00c7319c0b4abf7d2c96ba1b96\"},\"headline\":\"L&#8217;Escalante prepara una adaptaci\u00f3 per a p\u00fablic infantil i familiar de La revolta dels animals\",\"datePublished\":\"2021-03-22T08:00:27+00:00\",\"dateModified\":\"2021-04-06T17:55:38+00:00\",\"mainEntityOfPage\":{\"@id\":\"https:\/\/escalantecentreteatral.dival.es\/val\/ect-val\/el-escalante-prepara-una-adaptacion-para-publico-infantil-y-familiar-de-rebelion-en-la-granja\"},\"wordCount\":125,\"commentCount\":0,\"publisher\":{\"@id\":\"https:\/\/escalantecentreteatral.dival.es\/val\/#organization\"},\"articleSection\":[\"ECT\"],\"inLanguage\":\"ca\",\"potentialAction\":[{\"@type\":\"CommentAction\",\"name\":\"Comment\",\"target\":[\"https:\/\/escalantecentreteatral.dival.es\/val\/ect-val\/el-escalante-prepara-una-adaptacion-para-publico-infantil-y-familiar-de-rebelion-en-la-granja#respond\"]}]},{\"@type\":\"WebPage\",\"@id\":\"https:\/\/escalantecentreteatral.dival.es\/val\/ect-val\/el-escalante-prepara-una-adaptacion-para-publico-infantil-y-familiar-de-rebelion-en-la-granja\",\"url\":\"https:\/\/escalantecentreteatral.dival.es\/val\/ect-val\/el-escalante-prepara-una-adaptacion-para-publico-infantil-y-familiar-de-rebelion-en-la-granja\",\"name\":\"L'Escalante prepara una adaptaci\u00f3 per a p\u00fablic infantil i familiar de La revolta dels animals - Escalante Centre Teatral\",\"isPartOf\":{\"@id\":\"https:\/\/escalantecentreteatral.dival.es\/val\/#website\"},\"datePublished\":\"2021-03-22T08:00:27+00:00\",\"dateModified\":\"2021-04-06T17:55:38+00:00\",\"breadcrumb\":{\"@id\":\"https:\/\/escalantecentreteatral.dival.es\/val\/ect-val\/el-escalante-prepara-una-adaptacion-para-publico-infantil-y-familiar-de-rebelion-en-la-granja#breadcrumb\"},\"inLanguage\":\"ca\",\"potentialAction\":[{\"@type\":\"ReadAction\",\"target\":[\"https:\/\/escalantecentreteatral.dival.es\/val\/ect-val\/el-escalante-prepara-una-adaptacion-para-publico-infantil-y-familiar-de-rebelion-en-la-granja\"]}]},{\"@type\":\"BreadcrumbList\",\"@id\":\"https:\/\/escalantecentreteatral.dival.es\/val\/ect-val\/el-escalante-prepara-una-adaptacion-para-publico-infantil-y-familiar-de-rebelion-en-la-granja#breadcrumb\",\"itemListElement\":[{\"@type\":\"ListItem\",\"position\":1,\"name\":\"Home\",\"item\":\"https:\/\/escalantecentreteatral.dival.es\/val\"},{\"@type\":\"ListItem\",\"position\":2,\"name\":\"L&#8217;Escalante prepara una adaptaci\u00f3 per a p\u00fablic infantil i familiar de La revolta dels animals\"}]},{\"@type\":\"WebSite\",\"@id\":\"https:\/\/escalantecentreteatral.dival.es\/val\/#website\",\"url\":\"https:\/\/escalantecentreteatral.dival.es\/val\/\",\"name\":\"Escalante Centre Teatral\",\"description\":\"Valencia | espectaculos | musicales | artes escenicas.\",\"publisher\":{\"@id\":\"https:\/\/escalantecentreteatral.dival.es\/val\/#organization\"},\"potentialAction\":[{\"@type\":\"SearchAction\",\"target\":{\"@type\":\"EntryPoint\",\"urlTemplate\":\"https:\/\/escalantecentreteatral.dival.es\/val\/?s={search_term_string}\"},\"query-input\":\"required name=search_term_string\"}],\"inLanguage\":\"ca\"},{\"@type\":\"Organization\",\"@id\":\"https:\/\/escalantecentreteatral.dival.es\/val\/#organization\",\"name\":\"Escalante Centre Teatral\",\"alternateName\":\"Escalante Centre Teatral Val\u00e8ncia\",\"url\":\"https:\/\/escalantecentreteatral.dival.es\/val\/\",\"logo\":{\"@type\":\"ImageObject\",\"inLanguage\":\"ca\",\"@id\":\"https:\/\/escalantecentreteatral.dival.es\/val\/#\/schema\/logo\/image\/\",\"url\":\"https:\/\/escalantecentreteatral.dival.es\/wp-content\/uploads\/logo_ect-1.png\",\"contentUrl\":\"https:\/\/escalantecentreteatral.dival.es\/wp-content\/uploads\/logo_ect-1.png\",\"width\":1024,\"height\":292,\"caption\":\"Escalante Centre Teatral\"},\"image\":{\"@id\":\"https:\/\/escalantecentreteatral.dival.es\/val\/#\/schema\/logo\/image\/\"},\"sameAs\":[\"https:\/\/www.facebook.com\/EscalanteTeatre\",\"https:\/\/twitter.com\/TeatreEscalante\",\"https:\/\/www.instagram.com\/centre_escalante\/\",\"https:\/\/www.youtube.com\/channel\/UCaXtimrtZ6eLZKN2qPgPa3g\"]},{\"@type\":\"Person\",\"@id\":\"https:\/\/escalantecentreteatral.dival.es\/val\/#\/schema\/person\/c8947f00c7319c0b4abf7d2c96ba1b96\",\"name\":\"B\u00e1rbara Trillo\",\"image\":{\"@type\":\"ImageObject\",\"inLanguage\":\"ca\",\"@id\":\"https:\/\/escalantecentreteatral.dival.es\/val\/#\/schema\/person\/image\/\",\"url\":\"https:\/\/secure.gravatar.com\/avatar\/155b210217447cfafd113fe83b946a91?s=96&d=mm&r=g\",\"contentUrl\":\"https:\/\/secure.gravatar.com\/avatar\/155b210217447cfafd113fe83b946a91?s=96&d=mm&r=g\",\"caption\":\"B\u00e1rbara Trillo\"},\"url\":\"https:\/\/escalantecentreteatral.dival.es\/val\/author\/barbara-trillodival-es\"}]}<\/script>\n<!-- \/ Yoast SEO plugin. -->","yoast_head_json":{"title":"L'Escalante prepara una adaptaci\u00f3 per a p\u00fablic infantil i familiar de La revolta dels animals - Escalante Centre Teatral","robots":{"index":"index","follow":"follow","max-snippet":"max-snippet:-1","max-image-preview":"max-image-preview:large","max-video-preview":"max-video-preview:-1"},"canonical":"https:\/\/escalantecentreteatral.dival.es\/val\/ect-val\/el-escalante-prepara-una-adaptacion-para-publico-infantil-y-familiar-de-rebelion-en-la-granja","og_locale":"ca_ES","og_type":"article","og_title":"L'Escalante prepara una adaptaci\u00f3 per a p\u00fablic infantil i familiar de La revolta dels animals - Escalante Centre Teatral","og_description":"Traslladar a l&#8217;univers infantil la novel\u00b7la de George Orwell La revolta dels animals \u00e9s el repte que ens hem marcat en la nostra \u00faltima producci\u00f3 pr\u00f2pia de la temporada: \u00a0Rebel\u00b7li\u00f3. Un espectacle per a p\u00fablic familiar on Marea Danza i La Teta Calva fusionen el ball flamenc i la dramat\u00fargia contempor\u00e0nia per a adaptar esta [&hellip;]","og_url":"https:\/\/escalantecentreteatral.dival.es\/val\/ect-val\/el-escalante-prepara-una-adaptacion-para-publico-infantil-y-familiar-de-rebelion-en-la-granja","og_site_name":"Escalante Centre Teatral","article_publisher":"https:\/\/www.facebook.com\/EscalanteTeatre","article_published_time":"2021-03-22T08:00:27+00:00","article_modified_time":"2021-04-06T17:55:38+00:00","og_image":[{"url":"https:\/\/escalantecentreteatral.dival.es\/wp-content\/uploads\/web_2020-11-30_ensayo_marea_rebelion-en-la-granja_PacoVillalta-_D5P6300-700x467.jpg"}],"author":"B\u00e1rbara Trillo","twitter_card":"summary_large_image","twitter_creator":"@TeatreEscalante","twitter_site":"@TeatreEscalante","twitter_misc":{"Written by":"B\u00e1rbara Trillo","Est. reading time":"1 minute"},"schema":{"@context":"https:\/\/schema.org","@graph":[{"@type":"Article","@id":"https:\/\/escalantecentreteatral.dival.es\/val\/ect-val\/el-escalante-prepara-una-adaptacion-para-publico-infantil-y-familiar-de-rebelion-en-la-granja#article","isPartOf":{"@id":"https:\/\/escalantecentreteatral.dival.es\/val\/ect-val\/el-escalante-prepara-una-adaptacion-para-publico-infantil-y-familiar-de-rebelion-en-la-granja"},"author":{"name":"B\u00e1rbara Trillo","@id":"https:\/\/escalantecentreteatral.dival.es\/val\/#\/schema\/person\/c8947f00c7319c0b4abf7d2c96ba1b96"},"headline":"L&#8217;Escalante prepara una adaptaci\u00f3 per a p\u00fablic infantil i familiar de La revolta dels animals","datePublished":"2021-03-22T08:00:27+00:00","dateModified":"2021-04-06T17:55:38+00:00","mainEntityOfPage":{"@id":"https:\/\/escalantecentreteatral.dival.es\/val\/ect-val\/el-escalante-prepara-una-adaptacion-para-publico-infantil-y-familiar-de-rebelion-en-la-granja"},"wordCount":125,"commentCount":0,"publisher":{"@id":"https:\/\/escalantecentreteatral.dival.es\/val\/#organization"},"articleSection":["ECT"],"inLanguage":"ca","potentialAction":[{"@type":"CommentAction","name":"Comment","target":["https:\/\/escalantecentreteatral.dival.es\/val\/ect-val\/el-escalante-prepara-una-adaptacion-para-publico-infantil-y-familiar-de-rebelion-en-la-granja#respond"]}]},{"@type":"WebPage","@id":"https:\/\/escalantecentreteatral.dival.es\/val\/ect-val\/el-escalante-prepara-una-adaptacion-para-publico-infantil-y-familiar-de-rebelion-en-la-granja","url":"https:\/\/escalantecentreteatral.dival.es\/val\/ect-val\/el-escalante-prepara-una-adaptacion-para-publico-infantil-y-familiar-de-rebelion-en-la-granja","name":"L'Escalante prepara una adaptaci\u00f3 per a p\u00fablic infantil i familiar de La revolta dels animals - Escalante Centre Teatral","isPartOf":{"@id":"https:\/\/escalantecentreteatral.dival.es\/val\/#website"},"datePublished":"2021-03-22T08:00:27+00:00","dateModified":"2021-04-06T17:55:38+00:00","breadcrumb":{"@id":"https:\/\/escalantecentreteatral.dival.es\/val\/ect-val\/el-escalante-prepara-una-adaptacion-para-publico-infantil-y-familiar-de-rebelion-en-la-granja#breadcrumb"},"inLanguage":"ca","potentialAction":[{"@type":"ReadAction","target":["https:\/\/escalantecentreteatral.dival.es\/val\/ect-val\/el-escalante-prepara-una-adaptacion-para-publico-infantil-y-familiar-de-rebelion-en-la-granja"]}]},{"@type":"BreadcrumbList","@id":"https:\/\/escalantecentreteatral.dival.es\/val\/ect-val\/el-escalante-prepara-una-adaptacion-para-publico-infantil-y-familiar-de-rebelion-en-la-granja#breadcrumb","itemListElement":[{"@type":"ListItem","position":1,"name":"Home","item":"https:\/\/escalantecentreteatral.dival.es\/val"},{"@type":"ListItem","position":2,"name":"L&#8217;Escalante prepara una adaptaci\u00f3 per a p\u00fablic infantil i familiar de La revolta dels animals"}]},{"@type":"WebSite","@id":"https:\/\/escalantecentreteatral.dival.es\/val\/#website","url":"https:\/\/escalantecentreteatral.dival.es\/val\/","name":"Escalante Centre Teatral","description":"Valencia | espectaculos | musicales | artes escenicas.","publisher":{"@id":"https:\/\/escalantecentreteatral.dival.es\/val\/#organization"},"potentialAction":[{"@type":"SearchAction","target":{"@type":"EntryPoint","urlTemplate":"https:\/\/escalantecentreteatral.dival.es\/val\/?s={search_term_string}"},"query-input":"required name=search_term_string"}],"inLanguage":"ca"},{"@type":"Organization","@id":"https:\/\/escalantecentreteatral.dival.es\/val\/#organization","name":"Escalante Centre Teatral","alternateName":"Escalante Centre Teatral Val\u00e8ncia","url":"https:\/\/escalantecentreteatral.dival.es\/val\/","logo":{"@type":"ImageObject","inLanguage":"ca","@id":"https:\/\/escalantecentreteatral.dival.es\/val\/#\/schema\/logo\/image\/","url":"https:\/\/escalantecentreteatral.dival.es\/wp-content\/uploads\/logo_ect-1.png","contentUrl":"https:\/\/escalantecentreteatral.dival.es\/wp-content\/uploads\/logo_ect-1.png","width":1024,"height":292,"caption":"Escalante Centre Teatral"},"image":{"@id":"https:\/\/escalantecentreteatral.dival.es\/val\/#\/schema\/logo\/image\/"},"sameAs":["https:\/\/www.facebook.com\/EscalanteTeatre","https:\/\/twitter.com\/TeatreEscalante","https:\/\/www.instagram.com\/centre_escalante\/","https:\/\/www.youtube.com\/channel\/UCaXtimrtZ6eLZKN2qPgPa3g"]},{"@type":"Person","@id":"https:\/\/escalantecentreteatral.dival.es\/val\/#\/schema\/person\/c8947f00c7319c0b4abf7d2c96ba1b96","name":"B\u00e1rbara Trillo","image":{"@type":"ImageObject","inLanguage":"ca","@id":"https:\/\/escalantecentreteatral.dival.es\/val\/#\/schema\/person\/image\/","url":"https:\/\/secure.gravatar.com\/avatar\/155b210217447cfafd113fe83b946a91?s=96&d=mm&r=g","contentUrl":"https:\/\/secure.gravatar.com\/avatar\/155b210217447cfafd113fe83b946a91?s=96&d=mm&r=g","caption":"B\u00e1rbara Trillo"},"url":"https:\/\/escalantecentreteatral.dival.es\/val\/author\/barbara-trillodival-es"}]}},"_links":{"self":[{"href":"https:\/\/escalantecentreteatral.dival.es\/val\/wp-json\/wp\/v2\/posts\/10344"}],"collection":[{"href":"https:\/\/escalantecentreteatral.dival.es\/val\/wp-json\/wp\/v2\/posts"}],"about":[{"href":"https:\/\/escalantecentreteatral.dival.es\/val\/wp-json\/wp\/v2\/types\/post"}],"author":[{"embeddable":true,"href":"https:\/\/escalantecentreteatral.dival.es\/val\/wp-json\/wp\/v2\/users\/11"}],"replies":[{"embeddable":true,"href":"https:\/\/escalantecentreteatral.dival.es\/val\/wp-json\/wp\/v2\/comments?post=10344"}],"version-history":[{"count":2,"href":"https:\/\/escalantecentreteatral.dival.es\/val\/wp-json\/wp\/v2\/posts\/10344\/revisions"}],"predecessor-version":[{"id":10346,"href":"https:\/\/escalantecentreteatral.dival.es\/val\/wp-json\/wp\/v2\/posts\/10344\/revisions\/10346"}],"wp:attachment":[{"href":"https:\/\/escalantecentreteatral.dival.es\/val\/wp-json\/wp\/v2\/media?parent=10344"}],"wp:term":[{"taxonomy":"category","embeddable":true,"href":"https:\/\/escalantecentreteatral.dival.es\/val\/wp-json\/wp\/v2\/categories?post=10344"},{"taxonomy":"post_tag","embeddable":true,"href":"https:\/\/escalantecentreteatral.dival.es\/val\/wp-json\/wp\/v2\/tags?post=10344"}],"curies":[{"name":"wp","href":"https:\/\/api.w.org\/{rel}","templated":true}]}}