{"id":10137,"date":"2021-03-09T10:46:40","date_gmt":"2021-03-09T09:46:40","guid":{"rendered":"https:\/\/escalantecentreteatral.dival.es\/ect-val\/lluna-se-despide-este-fin-de-semana"},"modified":"2021-03-09T11:29:33","modified_gmt":"2021-03-09T10:29:33","slug":"lluna-se-despide-este-fin-de-semana","status":"publish","type":"post","link":"https:\/\/escalantecentreteatral.dival.es\/val\/ect-val\/lluna-se-despide-este-fin-de-semana","title":{"rendered":"Lluna s&#8217;acomiada aquest cap de setmana"},"content":{"rendered":"<ol>\n<li>\n<p><span style=\"font-size: 12pt;\">Mentre la missi\u00f3 del Perseverance avan\u00e7a en\u00a0Marte, <strong>Lluna, <\/strong>de<strong> L&#8217;Horta Teatre,<\/strong>\u00a0continua orbitant al <strong>Teatre Principal de Val\u00e8ncia.<\/strong> Aquesta aventura esc\u00e8nica sense l\u00edmits s\u2019acomiada\u00a0aquest\u00a0cap de setmana\u00a0dels escenaris. \u00daltima oportunitat de viure\u00a0aquest\u00a0viatge a la imaginaci\u00f3 i la\u00a0il\u00b7lusi\u00f3\u00a0espacial que ja han gaudit centenars d\u2019espectadors menuts i grans.<\/span><\/p>\n<p><strong>\u00a0<\/strong><\/p>\n<\/li>\n<\/ol>\n<p><img decoding=\"async\" loading=\"lazy\" class=\"size-medium wp-image-10134 aligncenter\" src=\"https:\/\/escalantecentreteatral.dival.es\/wp-content\/uploads\/IMG_1280-700x525.jpg\" alt=\"\" width=\"700\" height=\"525\" srcset=\"https:\/\/escalantecentreteatral.dival.es\/wp-content\/uploads\/IMG_1280-700x525.jpg 700w, https:\/\/escalantecentreteatral.dival.es\/wp-content\/uploads\/IMG_1280-1280x960.jpg 1280w, https:\/\/escalantecentreteatral.dival.es\/wp-content\/uploads\/IMG_1280-900x675.jpg 900w, https:\/\/escalantecentreteatral.dival.es\/wp-content\/uploads\/IMG_1280-768x576.jpg 768w, https:\/\/escalantecentreteatral.dival.es\/wp-content\/uploads\/IMG_1280-1536x1152.jpg 1536w, https:\/\/escalantecentreteatral.dival.es\/wp-content\/uploads\/IMG_1280-2048x1536.jpg 2048w, https:\/\/escalantecentreteatral.dival.es\/wp-content\/uploads\/IMG_1280-300x225.jpg 300w\" sizes=\"(max-width: 700px) 100vw, 700px\" \/><\/p>\n<p>&nbsp;<\/p>\n<ol>\n<li>\n<p style=\"text-align: center;\"><span style=\"font-size: 12pt;\">&#x1f449;<strong>Dissabte 13 de mar\u00e7 a les 18:00h<\/strong><\/span><\/p>\n<p style=\"text-align: center;\"><span style=\"font-size: 12pt;\"><strong>&#x1f4e3;&#x1f4e3;Diumenge 14 doble sessi\u00f3 a les 11:30h i 18:00h<\/strong><\/span><\/p>\n<p style=\"text-align: center;\"><span style=\"font-size: 12pt;\">En valenci\u00e0. + 8 anys.<\/span><\/p>\n<p style=\"text-align: center;\"><span style=\"font-size: 12pt;\"><strong>Entrades 5\u20ac\u00a0 <a href=\"https:\/\/bit.ly\/3jaLLqq?fbclid=IwAR17pCrRPbkUmafazZnkl2o__oVudSoA1QjA01I7QOT0J6DoJ9mpHSqJewk\">https:\/\/bit.ly\/3jaLLqq<\/a><\/strong><\/span><\/p>\n<\/li>\n<\/ol>\n","protected":false},"excerpt":{"rendered":"<p>Mentre la missi\u00f3 del Perseverance avan\u00e7a en\u00a0Marte, Lluna, de L&#8217;Horta Teatre,\u00a0continua orbitant al Teatre Principal de Val\u00e8ncia. Aquesta aventura esc\u00e8nica sense l\u00edmits s\u2019acomiada\u00a0aquest\u00a0cap de setmana\u00a0dels escenaris. \u00daltima oportunitat de viure\u00a0aquest\u00a0viatge a la imaginaci\u00f3 i la\u00a0il\u00b7lusi\u00f3\u00a0espacial que ja han gaudit centenars d\u2019espectadors menuts i grans. \u00a0 &nbsp; &#x1f449;Dissabte 13 de mar\u00e7 a les 18:00h &#x1f4e3;&#x1f4e3;Diumenge 14 [&hellip;]<\/p>\n","protected":false},"author":11,"featured_media":10133,"comment_status":"open","ping_status":"open","sticky":false,"template":"","format":"standard","meta":{"inline_featured_image":false},"categories":[5],"tags":[292,297,284,307,256,308,139,172,241,231],"acf":[],"yoast_head":"<!-- This site is optimized with the Yoast SEO plugin v21.1 - https:\/\/yoast.com\/wordpress\/plugins\/seo\/ -->\n<title>Lluna s&#039;acomiada aquest cap de setmana - Escalante Centre Teatral<\/title>\n<meta name=\"robots\" content=\"index, follow, max-snippet:-1, max-image-preview:large, max-video-preview:-1\" \/>\n<link rel=\"canonical\" href=\"https:\/\/escalantecentreteatral.dival.es\/ect_noticies\/lluna-se-despide-este-fin-de-semana\" \/>\n<meta property=\"og:locale\" content=\"ca_ES\" \/>\n<meta property=\"og:type\" content=\"article\" \/>\n<meta property=\"og:title\" content=\"Lluna s&#039;acomiada aquest cap de setmana - Escalante Centre Teatral\" \/>\n<meta property=\"og:description\" content=\"Mentre la missi\u00f3 del Perseverance avan\u00e7a en\u00a0Marte, Lluna, de L&#8217;Horta Teatre,\u00a0continua orbitant al Teatre Principal de Val\u00e8ncia. Aquesta aventura esc\u00e8nica sense l\u00edmits s\u2019acomiada\u00a0aquest\u00a0cap de setmana\u00a0dels escenaris. \u00daltima oportunitat de viure\u00a0aquest\u00a0viatge a la imaginaci\u00f3 i la\u00a0il\u00b7lusi\u00f3\u00a0espacial que ja han gaudit centenars d\u2019espectadors menuts i grans. \u00a0 &nbsp; &#x1f449;Dissabte 13 de mar\u00e7 a les 18:00h &#x1f4e3;&#x1f4e3;Diumenge 14 [&hellip;]\" \/>\n<meta property=\"og:url\" content=\"https:\/\/escalantecentreteatral.dival.es\/ect_noticies\/lluna-se-despide-este-fin-de-semana\" \/>\n<meta property=\"og:site_name\" content=\"Escalante Centre Teatral\" \/>\n<meta property=\"article:publisher\" content=\"https:\/\/www.facebook.com\/EscalanteTeatre\" \/>\n<meta property=\"article:published_time\" content=\"2021-03-09T09:46:40+00:00\" \/>\n<meta property=\"article:modified_time\" content=\"2021-03-09T10:29:33+00:00\" \/>\n<meta property=\"og:image\" content=\"https:\/\/escalantecentreteatral.dival.es\/wp-content\/uploads\/Public_Lluna-6903eced-1d51-4ff6-bb4f-721e7cd2a46c.jpg\" \/>\n\t<meta property=\"og:image:width\" content=\"1600\" \/>\n\t<meta property=\"og:image:height\" content=\"736\" \/>\n\t<meta property=\"og:image:type\" content=\"image\/jpeg\" \/>\n<meta name=\"author\" content=\"B\u00e1rbara Trillo\" \/>\n<meta name=\"twitter:card\" content=\"summary_large_image\" \/>\n<meta name=\"twitter:creator\" content=\"@TeatreEscalante\" \/>\n<meta name=\"twitter:site\" content=\"@TeatreEscalante\" \/>\n<meta name=\"twitter:label1\" content=\"Written by\" \/>\n\t<meta name=\"twitter:data1\" content=\"B\u00e1rbara Trillo\" \/>\n<script type=\"application\/ld+json\" class=\"yoast-schema-graph\">{\"@context\":\"https:\/\/schema.org\",\"@graph\":[{\"@type\":\"Article\",\"@id\":\"https:\/\/escalantecentreteatral.dival.es\/ect_noticies\/lluna-se-despide-este-fin-de-semana#article\",\"isPartOf\":{\"@id\":\"https:\/\/escalantecentreteatral.dival.es\/ect_noticies\/lluna-se-despide-este-fin-de-semana\"},\"author\":{\"name\":\"B\u00e1rbara Trillo\",\"@id\":\"https:\/\/escalantecentreteatral.dival.es\/val\/#\/schema\/person\/c8947f00c7319c0b4abf7d2c96ba1b96\"},\"headline\":\"Lluna s&#8217;acomiada aquest cap de setmana\",\"datePublished\":\"2021-03-09T09:46:40+00:00\",\"dateModified\":\"2021-03-09T10:29:33+00:00\",\"mainEntityOfPage\":{\"@id\":\"https:\/\/escalantecentreteatral.dival.es\/ect_noticies\/lluna-se-despide-este-fin-de-semana\"},\"wordCount\":99,\"commentCount\":0,\"publisher\":{\"@id\":\"https:\/\/escalantecentreteatral.dival.es\/val\/#organization\"},\"keywords\":[\"L&#8217;Horta Teatre\",\"L'Horta Teatre\",\"L'Horta Teatre\",\"Lluna\",\"Menuts\",\"Programacion Infantil\",\"teatro escalante\",\"teatro familiar\",\"Teatro principal\",\"Teatro Seguro\"],\"articleSection\":[\"ECT\"],\"inLanguage\":\"ca\",\"potentialAction\":[{\"@type\":\"CommentAction\",\"name\":\"Comment\",\"target\":[\"https:\/\/escalantecentreteatral.dival.es\/ect_noticies\/lluna-se-despide-este-fin-de-semana#respond\"]}]},{\"@type\":\"WebPage\",\"@id\":\"https:\/\/escalantecentreteatral.dival.es\/ect_noticies\/lluna-se-despide-este-fin-de-semana\",\"url\":\"https:\/\/escalantecentreteatral.dival.es\/ect_noticies\/lluna-se-despide-este-fin-de-semana\",\"name\":\"Lluna s'acomiada aquest cap de setmana - Escalante Centre Teatral\",\"isPartOf\":{\"@id\":\"https:\/\/escalantecentreteatral.dival.es\/val\/#website\"},\"datePublished\":\"2021-03-09T09:46:40+00:00\",\"dateModified\":\"2021-03-09T10:29:33+00:00\",\"breadcrumb\":{\"@id\":\"https:\/\/escalantecentreteatral.dival.es\/ect_noticies\/lluna-se-despide-este-fin-de-semana#breadcrumb\"},\"inLanguage\":\"ca\",\"potentialAction\":[{\"@type\":\"ReadAction\",\"target\":[\"https:\/\/escalantecentreteatral.dival.es\/ect_noticies\/lluna-se-despide-este-fin-de-semana\"]}]},{\"@type\":\"BreadcrumbList\",\"@id\":\"https:\/\/escalantecentreteatral.dival.es\/ect_noticies\/lluna-se-despide-este-fin-de-semana#breadcrumb\",\"itemListElement\":[{\"@type\":\"ListItem\",\"position\":1,\"name\":\"Home\",\"item\":\"https:\/\/escalantecentreteatral.dival.es\/val\"},{\"@type\":\"ListItem\",\"position\":2,\"name\":\"Lluna s&#8217;acomiada aquest cap de setmana\"}]},{\"@type\":\"WebSite\",\"@id\":\"https:\/\/escalantecentreteatral.dival.es\/val\/#website\",\"url\":\"https:\/\/escalantecentreteatral.dival.es\/val\/\",\"name\":\"Escalante Centre Teatral\",\"description\":\"Valencia | espectaculos | musicales | artes escenicas.\",\"publisher\":{\"@id\":\"https:\/\/escalantecentreteatral.dival.es\/val\/#organization\"},\"potentialAction\":[{\"@type\":\"SearchAction\",\"target\":{\"@type\":\"EntryPoint\",\"urlTemplate\":\"https:\/\/escalantecentreteatral.dival.es\/val\/?s={search_term_string}\"},\"query-input\":\"required name=search_term_string\"}],\"inLanguage\":\"ca\"},{\"@type\":\"Organization\",\"@id\":\"https:\/\/escalantecentreteatral.dival.es\/val\/#organization\",\"name\":\"Escalante Centre Teatral\",\"alternateName\":\"Escalante Centre Teatral Val\u00e8ncia\",\"url\":\"https:\/\/escalantecentreteatral.dival.es\/val\/\",\"logo\":{\"@type\":\"ImageObject\",\"inLanguage\":\"ca\",\"@id\":\"https:\/\/escalantecentreteatral.dival.es\/val\/#\/schema\/logo\/image\/\",\"url\":\"https:\/\/escalantecentreteatral.dival.es\/wp-content\/uploads\/logo_ect-1.png\",\"contentUrl\":\"https:\/\/escalantecentreteatral.dival.es\/wp-content\/uploads\/logo_ect-1.png\",\"width\":1024,\"height\":292,\"caption\":\"Escalante Centre Teatral\"},\"image\":{\"@id\":\"https:\/\/escalantecentreteatral.dival.es\/val\/#\/schema\/logo\/image\/\"},\"sameAs\":[\"https:\/\/www.facebook.com\/EscalanteTeatre\",\"https:\/\/twitter.com\/TeatreEscalante\",\"https:\/\/www.instagram.com\/centre_escalante\/\",\"https:\/\/www.youtube.com\/channel\/UCaXtimrtZ6eLZKN2qPgPa3g\"]},{\"@type\":\"Person\",\"@id\":\"https:\/\/escalantecentreteatral.dival.es\/val\/#\/schema\/person\/c8947f00c7319c0b4abf7d2c96ba1b96\",\"name\":\"B\u00e1rbara Trillo\",\"image\":{\"@type\":\"ImageObject\",\"inLanguage\":\"ca\",\"@id\":\"https:\/\/escalantecentreteatral.dival.es\/val\/#\/schema\/person\/image\/\",\"url\":\"https:\/\/secure.gravatar.com\/avatar\/155b210217447cfafd113fe83b946a91?s=96&d=mm&r=g\",\"contentUrl\":\"https:\/\/secure.gravatar.com\/avatar\/155b210217447cfafd113fe83b946a91?s=96&d=mm&r=g\",\"caption\":\"B\u00e1rbara Trillo\"},\"url\":\"https:\/\/escalantecentreteatral.dival.es\/val\/author\/barbara-trillodival-es\"}]}<\/script>\n<!-- \/ Yoast SEO plugin. -->","yoast_head_json":{"title":"Lluna s'acomiada aquest cap de setmana - Escalante Centre Teatral","robots":{"index":"index","follow":"follow","max-snippet":"max-snippet:-1","max-image-preview":"max-image-preview:large","max-video-preview":"max-video-preview:-1"},"canonical":"https:\/\/escalantecentreteatral.dival.es\/ect_noticies\/lluna-se-despide-este-fin-de-semana","og_locale":"ca_ES","og_type":"article","og_title":"Lluna s'acomiada aquest cap de setmana - Escalante Centre Teatral","og_description":"Mentre la missi\u00f3 del Perseverance avan\u00e7a en\u00a0Marte, Lluna, de L&#8217;Horta Teatre,\u00a0continua orbitant al Teatre Principal de Val\u00e8ncia. Aquesta aventura esc\u00e8nica sense l\u00edmits s\u2019acomiada\u00a0aquest\u00a0cap de setmana\u00a0dels escenaris. \u00daltima oportunitat de viure\u00a0aquest\u00a0viatge a la imaginaci\u00f3 i la\u00a0il\u00b7lusi\u00f3\u00a0espacial que ja han gaudit centenars d\u2019espectadors menuts i grans. \u00a0 &nbsp; &#x1f449;Dissabte 13 de mar\u00e7 a les 18:00h &#x1f4e3;&#x1f4e3;Diumenge 14 [&hellip;]","og_url":"https:\/\/escalantecentreteatral.dival.es\/ect_noticies\/lluna-se-despide-este-fin-de-semana","og_site_name":"Escalante Centre Teatral","article_publisher":"https:\/\/www.facebook.com\/EscalanteTeatre","article_published_time":"2021-03-09T09:46:40+00:00","article_modified_time":"2021-03-09T10:29:33+00:00","og_image":[{"width":1600,"height":736,"url":"https:\/\/escalantecentreteatral.dival.es\/wp-content\/uploads\/Public_Lluna-6903eced-1d51-4ff6-bb4f-721e7cd2a46c.jpg","type":"image\/jpeg"}],"author":"B\u00e1rbara Trillo","twitter_card":"summary_large_image","twitter_creator":"@TeatreEscalante","twitter_site":"@TeatreEscalante","twitter_misc":{"Written by":"B\u00e1rbara Trillo"},"schema":{"@context":"https:\/\/schema.org","@graph":[{"@type":"Article","@id":"https:\/\/escalantecentreteatral.dival.es\/ect_noticies\/lluna-se-despide-este-fin-de-semana#article","isPartOf":{"@id":"https:\/\/escalantecentreteatral.dival.es\/ect_noticies\/lluna-se-despide-este-fin-de-semana"},"author":{"name":"B\u00e1rbara Trillo","@id":"https:\/\/escalantecentreteatral.dival.es\/val\/#\/schema\/person\/c8947f00c7319c0b4abf7d2c96ba1b96"},"headline":"Lluna s&#8217;acomiada aquest cap de setmana","datePublished":"2021-03-09T09:46:40+00:00","dateModified":"2021-03-09T10:29:33+00:00","mainEntityOfPage":{"@id":"https:\/\/escalantecentreteatral.dival.es\/ect_noticies\/lluna-se-despide-este-fin-de-semana"},"wordCount":99,"commentCount":0,"publisher":{"@id":"https:\/\/escalantecentreteatral.dival.es\/val\/#organization"},"keywords":["L&#8217;Horta Teatre","L'Horta Teatre","L'Horta Teatre","Lluna","Menuts","Programacion Infantil","teatro escalante","teatro familiar","Teatro principal","Teatro Seguro"],"articleSection":["ECT"],"inLanguage":"ca","potentialAction":[{"@type":"CommentAction","name":"Comment","target":["https:\/\/escalantecentreteatral.dival.es\/ect_noticies\/lluna-se-despide-este-fin-de-semana#respond"]}]},{"@type":"WebPage","@id":"https:\/\/escalantecentreteatral.dival.es\/ect_noticies\/lluna-se-despide-este-fin-de-semana","url":"https:\/\/escalantecentreteatral.dival.es\/ect_noticies\/lluna-se-despide-este-fin-de-semana","name":"Lluna s'acomiada aquest cap de setmana - Escalante Centre Teatral","isPartOf":{"@id":"https:\/\/escalantecentreteatral.dival.es\/val\/#website"},"datePublished":"2021-03-09T09:46:40+00:00","dateModified":"2021-03-09T10:29:33+00:00","breadcrumb":{"@id":"https:\/\/escalantecentreteatral.dival.es\/ect_noticies\/lluna-se-despide-este-fin-de-semana#breadcrumb"},"inLanguage":"ca","potentialAction":[{"@type":"ReadAction","target":["https:\/\/escalantecentreteatral.dival.es\/ect_noticies\/lluna-se-despide-este-fin-de-semana"]}]},{"@type":"BreadcrumbList","@id":"https:\/\/escalantecentreteatral.dival.es\/ect_noticies\/lluna-se-despide-este-fin-de-semana#breadcrumb","itemListElement":[{"@type":"ListItem","position":1,"name":"Home","item":"https:\/\/escalantecentreteatral.dival.es\/val"},{"@type":"ListItem","position":2,"name":"Lluna s&#8217;acomiada aquest cap de setmana"}]},{"@type":"WebSite","@id":"https:\/\/escalantecentreteatral.dival.es\/val\/#website","url":"https:\/\/escalantecentreteatral.dival.es\/val\/","name":"Escalante Centre Teatral","description":"Valencia | espectaculos | musicales | artes escenicas.","publisher":{"@id":"https:\/\/escalantecentreteatral.dival.es\/val\/#organization"},"potentialAction":[{"@type":"SearchAction","target":{"@type":"EntryPoint","urlTemplate":"https:\/\/escalantecentreteatral.dival.es\/val\/?s={search_term_string}"},"query-input":"required name=search_term_string"}],"inLanguage":"ca"},{"@type":"Organization","@id":"https:\/\/escalantecentreteatral.dival.es\/val\/#organization","name":"Escalante Centre Teatral","alternateName":"Escalante Centre Teatral Val\u00e8ncia","url":"https:\/\/escalantecentreteatral.dival.es\/val\/","logo":{"@type":"ImageObject","inLanguage":"ca","@id":"https:\/\/escalantecentreteatral.dival.es\/val\/#\/schema\/logo\/image\/","url":"https:\/\/escalantecentreteatral.dival.es\/wp-content\/uploads\/logo_ect-1.png","contentUrl":"https:\/\/escalantecentreteatral.dival.es\/wp-content\/uploads\/logo_ect-1.png","width":1024,"height":292,"caption":"Escalante Centre Teatral"},"image":{"@id":"https:\/\/escalantecentreteatral.dival.es\/val\/#\/schema\/logo\/image\/"},"sameAs":["https:\/\/www.facebook.com\/EscalanteTeatre","https:\/\/twitter.com\/TeatreEscalante","https:\/\/www.instagram.com\/centre_escalante\/","https:\/\/www.youtube.com\/channel\/UCaXtimrtZ6eLZKN2qPgPa3g"]},{"@type":"Person","@id":"https:\/\/escalantecentreteatral.dival.es\/val\/#\/schema\/person\/c8947f00c7319c0b4abf7d2c96ba1b96","name":"B\u00e1rbara Trillo","image":{"@type":"ImageObject","inLanguage":"ca","@id":"https:\/\/escalantecentreteatral.dival.es\/val\/#\/schema\/person\/image\/","url":"https:\/\/secure.gravatar.com\/avatar\/155b210217447cfafd113fe83b946a91?s=96&d=mm&r=g","contentUrl":"https:\/\/secure.gravatar.com\/avatar\/155b210217447cfafd113fe83b946a91?s=96&d=mm&r=g","caption":"B\u00e1rbara Trillo"},"url":"https:\/\/escalantecentreteatral.dival.es\/val\/author\/barbara-trillodival-es"}]}},"_links":{"self":[{"href":"https:\/\/escalantecentreteatral.dival.es\/val\/wp-json\/wp\/v2\/posts\/10137"}],"collection":[{"href":"https:\/\/escalantecentreteatral.dival.es\/val\/wp-json\/wp\/v2\/posts"}],"about":[{"href":"https:\/\/escalantecentreteatral.dival.es\/val\/wp-json\/wp\/v2\/types\/post"}],"author":[{"embeddable":true,"href":"https:\/\/escalantecentreteatral.dival.es\/val\/wp-json\/wp\/v2\/users\/11"}],"replies":[{"embeddable":true,"href":"https:\/\/escalantecentreteatral.dival.es\/val\/wp-json\/wp\/v2\/comments?post=10137"}],"version-history":[{"count":3,"href":"https:\/\/escalantecentreteatral.dival.es\/val\/wp-json\/wp\/v2\/posts\/10137\/revisions"}],"predecessor-version":[{"id":10152,"href":"https:\/\/escalantecentreteatral.dival.es\/val\/wp-json\/wp\/v2\/posts\/10137\/revisions\/10152"}],"wp:featuredmedia":[{"embeddable":true,"href":"https:\/\/escalantecentreteatral.dival.es\/val\/wp-json\/wp\/v2\/media\/10133"}],"wp:attachment":[{"href":"https:\/\/escalantecentreteatral.dival.es\/val\/wp-json\/wp\/v2\/media?parent=10137"}],"wp:term":[{"taxonomy":"category","embeddable":true,"href":"https:\/\/escalantecentreteatral.dival.es\/val\/wp-json\/wp\/v2\/categories?post=10137"},{"taxonomy":"post_tag","embeddable":true,"href":"https:\/\/escalantecentreteatral.dival.es\/val\/wp-json\/wp\/v2\/tags?post=10137"}],"curies":[{"name":"wp","href":"https:\/\/api.w.org\/{rel}","templated":true}]}}